{"id":91476,"date":"2018-02-07T22:24:16","date_gmt":"2018-02-08T00:24:16","guid":{"rendered":"http:\/\/diarioregionaljf.com.br\/2018\/02\/07\/copa-pjf-bahamas-de-futsal-2018-entrega-fichas-de-inscricao-de-equipes-na-sexta-feira\/"},"modified":"2018-02-07T22:24:16","modified_gmt":"2018-02-08T00:24:16","slug":"copa-pjf-bahamas-de-futsal-2018-entrega-fichas-de-inscricao-de-equipes-na-sexta-feira","status":"publish","type":"post","link":"https:\/\/diarioregionaldigital.com.br\/?p=91476","title":{"rendered":"\u201cCopa PJF Bahamas de Futsal 2018\u201d entrega fichas de inscri\u00e7\u00e3o de equipes na sexta-feira"},"content":{"rendered":"<p>As equipes que pretendem participar de mais uma edi\u00e7\u00e3o da \u201cCopa Prefeitura Bahamas de Futsal\u201d receber\u00e3o na sexta-feira, 9, as fichas de inscri\u00e7\u00e3o para a tradicional competi\u00e7\u00e3o. Os representantes dever\u00e3o comparecer \u00e0s 9 horas no Gin\u00e1sio da Secretaria de Esporte e Lazer (SEL) da Prefeitura de Juiz de Fora (PJF), na Rua Cust\u00f3dio Trist\u00e3o, 11, Bairro Santa Terezinha. N\u00e3o haver\u00e1 outra data ou hor\u00e1rio para a retirada do documento.<\/p>\n<p> No ato de devolu\u00e7\u00e3o da ficha de inscri\u00e7\u00e3o, que acontecer\u00e1 dia 28, cada equipe dever\u00e1 doar 15kg de alimentos n\u00e3o perec\u00edveis, que ser\u00e3o destinados \u00e0s institui\u00e7\u00f5es filantr\u00f3picas da cidade. O desfile de abertura acontecer\u00e1 em 10 de mar\u00e7o.&nbsp;<\/p>\n<p> A &#8220;Copa Prefeitura Bahamas de Futsal&#8221; \u00e9 realizada pela PJF h\u00e1 mais de 30 anos, sendo que, desde 1999, tem a parceria do Grupo Bahamas. Entre as equipes masculinas, a competi\u00e7\u00e3o \u00e9 disputada nas categorias iniciante (sub-9), pr\u00e9-mirim (sub-11), mirim (sub-13), infantil (sub-15), infantojuvenil (sub-17), juvenil (sub-20), adulto (nascidos em 1997 ou anteriormente) e veterano (nascidos em 1983 ou anteriormente). As equipes femininas disputam nas categorias infantil, infantojuvenil e adulto (nascidos em 2000 ou anteriormente).<\/p>\n<p> A competi\u00e7\u00e3o tem car\u00e1ter regional e re\u00fane outros munic\u00edpios, entre eles, Bicas, Ch\u00e1cara, Coronel Pacheco, Goian\u00e1, Lima Duarte, Matias Barbosa, Rio Novo, Santos Dumont e S\u00e3o Jo\u00e3o Nepomuceno.<\/p>\n<p>Informa\u00e7\u00f5es com a Assessoria de Comunica\u00e7\u00e3o da SEL, pelo telefone 3690-7849.<\/p>\n<p>&nbsp;<\/p>\n","protected":false},"excerpt":{"rendered":"<p>As equipes que pretendem participar de mais uma edi\u00e7\u00e3o da \u201cCopa Prefeitura Bahamas de Futsal\u201d receber\u00e3o na sexta-feira, 9, as fichas de inscri\u00e7\u00e3o para a tradicional competi\u00e7\u00e3o. Os representantes dever\u00e3o comparecer \u00e0s 9 horas no Gin\u00e1sio da Secretaria de Esporte e Lazer (SEL) da Prefeitura de Juiz de Fora (PJF), na Rua Cust\u00f3dio Trist\u00e3o, 11, [&hellip;]<\/p>\n","protected":false},"author":96,"featured_media":91475,"comment_status":"closed","ping_status":"closed","sticky":false,"template":"","format":"standard","meta":{"footnotes":""},"categories":[257],"tags":[],"class_list":["post-91476","post","type-post","status-publish","format-standard","has-post-thumbnail","hentry","category-esporte"],"_links":{"self":[{"href":"https:\/\/diarioregionaldigital.com.br\/index.php?rest_route=\/wp\/v2\/posts\/91476","targetHints":{"allow":["GET"]}}],"collection":[{"href":"https:\/\/diarioregionaldigital.com.br\/index.php?rest_route=\/wp\/v2\/posts"}],"about":[{"href":"https:\/\/diarioregionaldigital.com.br\/index.php?rest_route=\/wp\/v2\/types\/post"}],"author":[{"embeddable":true,"href":"https:\/\/diarioregionaldigital.com.br\/index.php?rest_route=\/wp\/v2\/users\/96"}],"replies":[{"embeddable":true,"href":"https:\/\/diarioregionaldigital.com.br\/index.php?rest_route=%2Fwp%2Fv2%2Fcomments&post=91476"}],"version-history":[{"count":0,"href":"https:\/\/diarioregionaldigital.com.br\/index.php?rest_route=\/wp\/v2\/posts\/91476\/revisions"}],"wp:featuredmedia":[{"embeddable":true,"href":"https:\/\/diarioregionaldigital.com.br\/index.php?rest_route=\/wp\/v2\/media\/91475"}],"wp:attachment":[{"href":"https:\/\/diarioregionaldigital.com.br\/index.php?rest_route=%2Fwp%2Fv2%2Fmedia&parent=91476"}],"wp:term":[{"taxonomy":"category","embeddable":true,"href":"https:\/\/diarioregionaldigital.com.br\/index.php?rest_route=%2Fwp%2Fv2%2Fcategories&post=91476"},{"taxonomy":"post_tag","embeddable":true,"href":"https:\/\/diarioregionaldigital.com.br\/index.php?rest_route=%2Fwp%2Fv2%2Ftags&post=91476"}],"curies":[{"name":"wp","href":"https:\/\/api.w.org\/{rel}","templated":true}]}}