{"id":91466,"date":"2018-02-07T22:01:14","date_gmt":"2018-02-08T00:01:14","guid":{"rendered":"http:\/\/diarioregionaljf.com.br\/2018\/02\/07\/pjf-nomeia-mais-de-50-novos-aprovados-no-concurso-publico\/"},"modified":"2018-02-07T22:01:14","modified_gmt":"2018-02-08T00:01:14","slug":"pjf-nomeia-mais-de-50-novos-aprovados-no-concurso-publico","status":"publish","type":"post","link":"https:\/\/diarioregionaldigital.com.br\/?p=91466","title":{"rendered":"Prefeitura nomeia mais de 50 novos aprovados no concurso p\u00fablico"},"content":{"rendered":"<p>Ser\u00e1 publicada no Di\u00e1rio Oficial Eletr\u00f4nico do Munic\u00edpio desta quinta-feira, 8, portaria autorizando a nomea\u00e7\u00e3o de candidatos aprovados no concurso p\u00fablico da Prefeitura de Juiz de Fora (Edital 02\/2016). Ser\u00e3o 56 novos servidores ingressando na PJF.<\/p>\n<p>O documento contempla os cargos de assistente de administra\u00e7\u00e3o II, agente de atendimento ao p\u00fablico I, assistente social, psic\u00f3logo, fonoaudi\u00f3logo, engenheiro do trabalho, t\u00e9cnico de transporte e tr\u00e2nsito \u2013 inform\u00e1tica; t\u00e9cnico de transporte e tr\u00e2nsito \u2013 transporte e tr\u00e2nsito; operador de computador, t\u00e9cnico de seguran\u00e7a do trabalho, motorista de ve\u00edculo leve e motorista de ve\u00edculo pesado.<\/p>\n<p>Os candidatos nomeados t\u00eam 15 dias a contar da data da publica\u00e7\u00e3o da portaria para se apresentarem na Secretaria de Administra\u00e7\u00e3o e Recursos Humanos (SARH) e outros 15 para iniciar o efetivo exerc\u00edcio do cargo. Estes servidores se somam \u00e0s mais de 1120 pessoas que j\u00e1 foram nomeadas e ingressaram na PJF desde 2013.<\/p>\n<p>&nbsp;<\/p>\n<p>Fonte: Assessoria<\/p>\n","protected":false},"excerpt":{"rendered":"<p>Ser\u00e1 publicada no Di\u00e1rio Oficial Eletr\u00f4nico do Munic\u00edpio desta quinta-feira, 8, portaria autorizando a nomea\u00e7\u00e3o de candidatos aprovados no concurso p\u00fablico da Prefeitura de Juiz de Fora (Edital 02\/2016). Ser\u00e3o 56 novos servidores ingressando na PJF. O documento contempla os cargos de assistente de administra\u00e7\u00e3o II, agente de atendimento ao p\u00fablico I, assistente social, psic\u00f3logo, [&hellip;]<\/p>\n","protected":false},"author":96,"featured_media":91465,"comment_status":"closed","ping_status":"closed","sticky":false,"template":"","format":"standard","meta":{"footnotes":""},"categories":[253],"tags":[],"class_list":["post-91466","post","type-post","status-publish","format-standard","has-post-thumbnail","hentry","category-cidade"],"_links":{"self":[{"href":"https:\/\/diarioregionaldigital.com.br\/index.php?rest_route=\/wp\/v2\/posts\/91466","targetHints":{"allow":["GET"]}}],"collection":[{"href":"https:\/\/diarioregionaldigital.com.br\/index.php?rest_route=\/wp\/v2\/posts"}],"about":[{"href":"https:\/\/diarioregionaldigital.com.br\/index.php?rest_route=\/wp\/v2\/types\/post"}],"author":[{"embeddable":true,"href":"https:\/\/diarioregionaldigital.com.br\/index.php?rest_route=\/wp\/v2\/users\/96"}],"replies":[{"embeddable":true,"href":"https:\/\/diarioregionaldigital.com.br\/index.php?rest_route=%2Fwp%2Fv2%2Fcomments&post=91466"}],"version-history":[{"count":0,"href":"https:\/\/diarioregionaldigital.com.br\/index.php?rest_route=\/wp\/v2\/posts\/91466\/revisions"}],"wp:featuredmedia":[{"embeddable":true,"href":"https:\/\/diarioregionaldigital.com.br\/index.php?rest_route=\/wp\/v2\/media\/91465"}],"wp:attachment":[{"href":"https:\/\/diarioregionaldigital.com.br\/index.php?rest_route=%2Fwp%2Fv2%2Fmedia&parent=91466"}],"wp:term":[{"taxonomy":"category","embeddable":true,"href":"https:\/\/diarioregionaldigital.com.br\/index.php?rest_route=%2Fwp%2Fv2%2Fcategories&post=91466"},{"taxonomy":"post_tag","embeddable":true,"href":"https:\/\/diarioregionaldigital.com.br\/index.php?rest_route=%2Fwp%2Fv2%2Ftags&post=91466"}],"curies":[{"name":"wp","href":"https:\/\/api.w.org\/{rel}","templated":true}]}}