{"id":91464,"date":"2018-02-07T21:59:00","date_gmt":"2018-02-07T23:59:00","guid":{"rendered":"http:\/\/diarioregionaljf.com.br\/2018\/02\/07\/tocantins2-08-02-18\/"},"modified":"2018-08-13T20:35:56","modified_gmt":"2018-08-13T23:35:56","slug":"tocantins2-08-02-18","status":"publish","type":"post","link":"https:\/\/diarioregionaldigital.com.br\/?p=91464","title":{"rendered":"Tocantins2 08\/02\/18"},"content":{"rendered":"<p style=\"text-align: center;\"><span class=\"h4\">AVISO DE CANCELAMENTO DE PREG\u00c3O<\/span><br \/><span class=\"h4\">LICITA\u00c7\u00c3O N\u00b0 017\/2018<\/span><br \/><span class=\"h4\">MODALIDADE DE PREG\u00c3O PRESENCIAL N\u00b0012\/2018<\/span><br \/>O Munic\u00edpio de TOCANTINS, na forma da lei, torna p\u00fablico para conhecimento dos interessados, que decidiu CANCELAR o preg\u00e3o 012\/2018, decorrente do processo n\u00ba 017\/2018, cujo objeto trata da contrata\u00e7\u00e3o de empresa especializada para a realiza\u00e7\u00e3o de curso de capacita\u00e7\u00e3o para conselheiros municipais de assist\u00eancia social e trabalhadores do SUAS, conforme especifica\u00e7\u00f5es do edital e seus anexos. Para conhecimento de todos os interessados, expediu-se o presente que ser\u00e1 afixado no lugar de costume, publicando-se na forma da lei. TOCANTINS, 07 de fevereiro de 2018. MARIA DE F\u00c1TIMA DA SILVA RODRIGUES &#8211; PRESIDENTE DA COMISS\u00c3O DE LICITA\u00c7\u00c3O -PREGOEIRA<\/p>\n","protected":false},"excerpt":{"rendered":"<p>AVISO DE CANCELAMENTO DE PREG\u00c3OLICITA\u00c7\u00c3O N\u00b0 017\/2018MODALIDADE DE PREG\u00c3O PRESENCIAL N\u00b0012\/2018O Munic\u00edpio de TOCANTINS, na forma da lei, torna p\u00fablico para conhecimento dos interessados, que decidiu CANCELAR o preg\u00e3o 012\/2018, decorrente do processo n\u00ba 017\/2018, cujo objeto trata da contrata\u00e7\u00e3o de empresa especializada para a realiza\u00e7\u00e3o de curso de capacita\u00e7\u00e3o para conselheiros municipais de assist\u00eancia [&hellip;]<\/p>\n","protected":false},"author":96,"featured_media":0,"comment_status":"closed","ping_status":"closed","sticky":false,"template":"","format":"standard","meta":{"footnotes":""},"categories":[307],"tags":[],"class_list":["post-91464","post","type-post","status-publish","format-standard","hentry","category-editais"],"_links":{"self":[{"href":"https:\/\/diarioregionaldigital.com.br\/index.php?rest_route=\/wp\/v2\/posts\/91464","targetHints":{"allow":["GET"]}}],"collection":[{"href":"https:\/\/diarioregionaldigital.com.br\/index.php?rest_route=\/wp\/v2\/posts"}],"about":[{"href":"https:\/\/diarioregionaldigital.com.br\/index.php?rest_route=\/wp\/v2\/types\/post"}],"author":[{"embeddable":true,"href":"https:\/\/diarioregionaldigital.com.br\/index.php?rest_route=\/wp\/v2\/users\/96"}],"replies":[{"embeddable":true,"href":"https:\/\/diarioregionaldigital.com.br\/index.php?rest_route=%2Fwp%2Fv2%2Fcomments&post=91464"}],"version-history":[{"count":0,"href":"https:\/\/diarioregionaldigital.com.br\/index.php?rest_route=\/wp\/v2\/posts\/91464\/revisions"}],"wp:attachment":[{"href":"https:\/\/diarioregionaldigital.com.br\/index.php?rest_route=%2Fwp%2Fv2%2Fmedia&parent=91464"}],"wp:term":[{"taxonomy":"category","embeddable":true,"href":"https:\/\/diarioregionaldigital.com.br\/index.php?rest_route=%2Fwp%2Fv2%2Fcategories&post=91464"},{"taxonomy":"post_tag","embeddable":true,"href":"https:\/\/diarioregionaldigital.com.br\/index.php?rest_route=%2Fwp%2Fv2%2Ftags&post=91464"}],"curies":[{"name":"wp","href":"https:\/\/api.w.org\/{rel}","templated":true}]}}