{"id":91462,"date":"2018-02-07T21:57:03","date_gmt":"2018-02-07T23:57:03","guid":{"rendered":"http:\/\/diarioregionaljf.com.br\/2018\/02\/07\/matias-barbosa2\/"},"modified":"2018-08-13T20:35:56","modified_gmt":"2018-08-13T23:35:56","slug":"matias-barbosa2","status":"publish","type":"post","link":"https:\/\/diarioregionaldigital.com.br\/?p=91462","title":{"rendered":"Matias Barbosa2"},"content":{"rendered":"<p>C\u00c2MARA MUNICIPAL DE MATIAS BARBOSA &#8211; MG<\/p>\n<p>AVISO DE LICITA\u00c7\u00c3O<\/p>\n<p>PROCESSO LICITAT\u00d3RIO N\u00ba. 03\/2018<br \/>PREG\u00c3ON\u00ba. 02\/2018<\/p>\n<p>OBJETO: REGISTRO DE PRE\u00c7O PARA AQUISI\u00c7\u00c3O DE G\u00caNEROS ALIMENT\u00cdCIOS E MATERIAIS DE LIMPEZA PARA SUPRIR AS NECESSIDADES DA C\u00c2MARA MUNICIPAL DE MATIAS BARBOSA.<\/p>\n<p>SETOR REQUISITANTE: Presid\u00eancia da C\u00e2mara Municipal de Matias Barbosa<\/p>\n<p>ENTREGA E ABERTURA DOS ENVELOPES DE \u201cHABILITA\u00c7\u00c3O\u201d E \u201cPROPOSTA COMERCIAL\u201d.<\/p>\n<p>DATA: 26\/02\/2018<br \/>HOR\u00c1RIO: 09:00 (nove horas)<\/p>\n<p>LOCAL: Sala de reuni\u00f5es da C\u00e2mara Municipal de Matias Barbosa, situada na Avenida Engenheiro Paulo Brand\u00e3o, n\u00b0. 380, Loteamento: Parque dos Sabi\u00e1s, na cidade de Matias Barbosa \u2013 MG. CEP: 36.120-000.<\/p>\n<p>CONSULTAS AO EDITAL, E DIVULGA\u00c7\u00c3O DE INFORMA\u00c7\u00d5ES: No site C\u00e2mara Municipal, www.matiasbarbosa.mg.leg.br.<\/p>\n<p>ESCLARECIMENTOS: Eventuais d\u00favidas podem ser esclarecidas atrav\u00e9s do e-mail: licitacao@matiasbarbosa.mg.leg.br, tel: (32) 3273 -5719 ou (32) 3273 &#8211; 5720.<\/p>\n","protected":false},"excerpt":{"rendered":"<p>C\u00c2MARA MUNICIPAL DE MATIAS BARBOSA &#8211; MG AVISO DE LICITA\u00c7\u00c3O PROCESSO LICITAT\u00d3RIO N\u00ba. 03\/2018PREG\u00c3ON\u00ba. 02\/2018 OBJETO: REGISTRO DE PRE\u00c7O PARA AQUISI\u00c7\u00c3O DE G\u00caNEROS ALIMENT\u00cdCIOS E MATERIAIS DE LIMPEZA PARA SUPRIR AS NECESSIDADES DA C\u00c2MARA MUNICIPAL DE MATIAS BARBOSA. SETOR REQUISITANTE: Presid\u00eancia da C\u00e2mara Municipal de Matias Barbosa ENTREGA E ABERTURA DOS ENVELOPES DE \u201cHABILITA\u00c7\u00c3O\u201d E [&hellip;]<\/p>\n","protected":false},"author":96,"featured_media":0,"comment_status":"closed","ping_status":"closed","sticky":false,"template":"","format":"standard","meta":{"footnotes":""},"categories":[307],"tags":[],"class_list":["post-91462","post","type-post","status-publish","format-standard","hentry","category-editais"],"_links":{"self":[{"href":"https:\/\/diarioregionaldigital.com.br\/index.php?rest_route=\/wp\/v2\/posts\/91462","targetHints":{"allow":["GET"]}}],"collection":[{"href":"https:\/\/diarioregionaldigital.com.br\/index.php?rest_route=\/wp\/v2\/posts"}],"about":[{"href":"https:\/\/diarioregionaldigital.com.br\/index.php?rest_route=\/wp\/v2\/types\/post"}],"author":[{"embeddable":true,"href":"https:\/\/diarioregionaldigital.com.br\/index.php?rest_route=\/wp\/v2\/users\/96"}],"replies":[{"embeddable":true,"href":"https:\/\/diarioregionaldigital.com.br\/index.php?rest_route=%2Fwp%2Fv2%2Fcomments&post=91462"}],"version-history":[{"count":0,"href":"https:\/\/diarioregionaldigital.com.br\/index.php?rest_route=\/wp\/v2\/posts\/91462\/revisions"}],"wp:attachment":[{"href":"https:\/\/diarioregionaldigital.com.br\/index.php?rest_route=%2Fwp%2Fv2%2Fmedia&parent=91462"}],"wp:term":[{"taxonomy":"category","embeddable":true,"href":"https:\/\/diarioregionaldigital.com.br\/index.php?rest_route=%2Fwp%2Fv2%2Fcategories&post=91462"},{"taxonomy":"post_tag","embeddable":true,"href":"https:\/\/diarioregionaldigital.com.br\/index.php?rest_route=%2Fwp%2Fv2%2Ftags&post=91462"}],"curies":[{"name":"wp","href":"https:\/\/api.w.org\/{rel}","templated":true}]}}