{"id":91460,"date":"2018-02-07T21:54:59","date_gmt":"2018-02-07T23:54:59","guid":{"rendered":"http:\/\/diarioregionaljf.com.br\/2018\/02\/07\/descoberto8-08-02-18\/"},"modified":"2018-08-13T20:35:57","modified_gmt":"2018-08-13T23:35:57","slug":"descoberto8-08-02-18","status":"publish","type":"post","link":"https:\/\/diarioregionaldigital.com.br\/?p=91460","title":{"rendered":"Descoberto8 08\/02\/18"},"content":{"rendered":"<p style=\"text-align: center;\"><span class=\"h4\">EXTRATO DE CONTRATO<\/span><br \/>Pref. Municipal de Descoberto x TJ Rodeios Produ\u00e7\u00f5es e Eventos Ltda &#8211; Objeto: Contrata\u00e7\u00e3o de empresa para loca\u00e7\u00e3o de equipamentos para o Carnaval\/2018 &#8211; Fundamento: Preg\u00e3o 002\/2018\u2013Valor Global: 64.000,00\u2013 Vig\u00eancia: 30 dias \u2013 Dot or\u00e7: 02.4005.13.392.0015.279.-339039\/100- Ass: 06\/02\/2018- Foro: S\u00e3o Jo\u00e3o Nepomuceno\/MG.<\/p>\n<p style=\"text-align: center;\">Marcos de Ara\u00fajo Lima<br \/>Prefeito Municipal<\/p>\n","protected":false},"excerpt":{"rendered":"<p>EXTRATO DE CONTRATOPref. Municipal de Descoberto x TJ Rodeios Produ\u00e7\u00f5es e Eventos Ltda &#8211; Objeto: Contrata\u00e7\u00e3o de empresa para loca\u00e7\u00e3o de equipamentos para o Carnaval\/2018 &#8211; Fundamento: Preg\u00e3o 002\/2018\u2013Valor Global: 64.000,00\u2013 Vig\u00eancia: 30 dias \u2013 Dot or\u00e7: 02.4005.13.392.0015.279.-339039\/100- Ass: 06\/02\/2018- Foro: S\u00e3o Jo\u00e3o Nepomuceno\/MG. Marcos de Ara\u00fajo LimaPrefeito Municipal<\/p>\n","protected":false},"author":96,"featured_media":0,"comment_status":"closed","ping_status":"closed","sticky":false,"template":"","format":"standard","meta":{"footnotes":""},"categories":[307],"tags":[],"class_list":["post-91460","post","type-post","status-publish","format-standard","hentry","category-editais"],"_links":{"self":[{"href":"https:\/\/diarioregionaldigital.com.br\/index.php?rest_route=\/wp\/v2\/posts\/91460","targetHints":{"allow":["GET"]}}],"collection":[{"href":"https:\/\/diarioregionaldigital.com.br\/index.php?rest_route=\/wp\/v2\/posts"}],"about":[{"href":"https:\/\/diarioregionaldigital.com.br\/index.php?rest_route=\/wp\/v2\/types\/post"}],"author":[{"embeddable":true,"href":"https:\/\/diarioregionaldigital.com.br\/index.php?rest_route=\/wp\/v2\/users\/96"}],"replies":[{"embeddable":true,"href":"https:\/\/diarioregionaldigital.com.br\/index.php?rest_route=%2Fwp%2Fv2%2Fcomments&post=91460"}],"version-history":[{"count":0,"href":"https:\/\/diarioregionaldigital.com.br\/index.php?rest_route=\/wp\/v2\/posts\/91460\/revisions"}],"wp:attachment":[{"href":"https:\/\/diarioregionaldigital.com.br\/index.php?rest_route=%2Fwp%2Fv2%2Fmedia&parent=91460"}],"wp:term":[{"taxonomy":"category","embeddable":true,"href":"https:\/\/diarioregionaldigital.com.br\/index.php?rest_route=%2Fwp%2Fv2%2Fcategories&post=91460"},{"taxonomy":"post_tag","embeddable":true,"href":"https:\/\/diarioregionaldigital.com.br\/index.php?rest_route=%2Fwp%2Fv2%2Ftags&post=91460"}],"curies":[{"name":"wp","href":"https:\/\/api.w.org\/{rel}","templated":true}]}}