{"id":91457,"date":"2018-02-07T21:53:10","date_gmt":"2018-02-07T23:53:10","guid":{"rendered":"http:\/\/diarioregionaljf.com.br\/2018\/02\/07\/iepha-mg-promove-campanha-de-preservacao-do-patrimonio-cultural-no-carnaval\/"},"modified":"2018-02-07T21:53:10","modified_gmt":"2018-02-07T23:53:10","slug":"iepha-mg-promove-campanha-de-preservacao-do-patrimonio-cultural-no-carnaval","status":"publish","type":"post","link":"https:\/\/diarioregionaldigital.com.br\/?p=91457","title":{"rendered":"Iepha-MG promove campanha de preserva\u00e7\u00e3o do patrim\u00f4nio cultural no Carnaval"},"content":{"rendered":"<p>Com o objetivo de orientar os foli\u00f5es sobre a import\u00e2ncia de curtir o carnaval sem causar danos aos bens culturais, o Instituto Estadual do Patrim\u00f4nio Hist\u00f3rico e Art\u00edstico de Minas Gerais \u2013 Iepha-MG realiza a campanha de preserva\u00e7\u00e3o do patrim\u00f4nio cultural, que pode ser acessada e compartilhada por meio de suas redes sociais.<\/p>\n<p>A a\u00e7\u00e3o conta ainda com orienta\u00e7\u00f5es para que a apropria\u00e7\u00e3o do espa\u00e7o urbano ou p\u00fablico ocorra de forma consciente, com seguran\u00e7a e resguarde exemplares arquitet\u00f4nicos importantes encontrados nos munic\u00edpios mineiros.<\/p>\n<p>Frases educativas e divertidas, como \u201cN\u00e3o se esque\u00e7a de mim&#8230;Neste carnaval lembre-se sempre da import\u00e2ncia de nosso patrim\u00f4nio\u201d e \u201cFoi bom te ver outra vez&#8230;Quem protege v\u00ea para sempre!\u201d ser\u00e3o divulgadas pelo Instituto durante o per\u00edodo da festividade. A expectativa \u00e9 que as filipetas virtuais sejam compartilhadas pelos internautas em suas redes sociais e colaborem com a campanha.<\/p>\n<p>Para Michele Arroyo, presidente do Iepha-MG, os n\u00facleos urbanos reconhecidos como patrim\u00f4nio cultural s\u00e3o locais de refer\u00eancia de moradores e visitantes, que contam com com\u00e9rcio, lazer, encontros e confraterniza\u00e7\u00f5es. \u201cO carnaval tem se afirmado como uma das principais festas de rua em todo o Estado de Minas Gerais, que atrai milhares de visitantes\u201d, disse Michele.&nbsp; \u201cA campanha do Iepha nas redes sociais tem o objetivo de promover o patrim\u00f4nio cultural do Estado incentivando o carnaval e respeitando nosso acervo para que possa continuar sendo usufru\u00eddo por todos\u201d, enfatizou.&nbsp;<\/p>\n<p>Em Minas Gerais, a riqueza arquitet\u00f4nica e cultural encontradas nas pra\u00e7as, nas igrejas e nos casar\u00f5es seculares atraem pessoas de todas as regi\u00f5es, tornando o carnaval mineiro um dos mais tradicionais do Brasil. A festa conta com a participa\u00e7\u00e3o de blocos, marchinhas e grupos regionais.&nbsp;<\/p>\n<p>Diversas cidades recebem no carnaval in\u00fameros foli\u00f5es para a festividade que acontece em ruas, avenidas, pra\u00e7as e n\u00facleos hist\u00f3ricos, espa\u00e7os que possuem riquezas culturais de grande significado para o estado.<\/p>\n<p>As prefeituras dos 11 munic\u00edpios que possuem n\u00facleos protegidos por tombamento estadual receberam um documento com instru\u00e7\u00f5es espec\u00edficas enviado pelo Iepha-MG. Os agentes p\u00fablicos respons\u00e1veis pela realiza\u00e7\u00e3o do carnaval nesses locais devem apresentar ao Instituto um projeto do evento que n\u00e3o ofere\u00e7a riscos \u00e0s constru\u00e7\u00f5es hist\u00f3ricas reconhecidas como patrim\u00f4nio cultural de Minas Gerais.<\/p>\n<p>Os demais munic\u00edpios do estado receber\u00e3o as seguintes orienta\u00e7\u00f5es do Iepha-MG com o objetivo de preservar os bens:<\/p>\n<ul>\n<li>A instala\u00e7\u00e3o de barracas, palcos, arquibancadas, caixas de som, tel\u00f5es e equipamentos em geral deve guardar dist\u00e2ncia dos bens culturais e da rede el\u00e9trica;<\/li>\n<li>Os banheiros p\u00fablicos devem ser instalados em locais adequados e afastados das fachadas dos im\u00f3veis e monumentos culturais;<\/li>\n<li>As Prefeituras devem orientar os trajetos de trios el\u00e9tricos e carros aleg\u00f3ricos para que n\u00e3o provoquem danos ao patrim\u00f4nio;<\/li>\n<li>As Prefeituras devem realizar campanhas educativas para a preserva\u00e7\u00e3o do patrim\u00f4nio cultural.<\/li>\n<\/ul>\n<p>&nbsp;<\/p>\n<p>Fonte: Ag\u00eancia Minas<\/p>\n","protected":false},"excerpt":{"rendered":"<p>Com o objetivo de orientar os foli\u00f5es sobre a import\u00e2ncia de curtir o carnaval sem causar danos aos bens culturais, o Instituto Estadual do Patrim\u00f4nio Hist\u00f3rico e Art\u00edstico de Minas Gerais \u2013 Iepha-MG realiza a campanha de preserva\u00e7\u00e3o do patrim\u00f4nio cultural, que pode ser acessada e compartilhada por meio de suas redes sociais. A a\u00e7\u00e3o [&hellip;]<\/p>\n","protected":false},"author":96,"featured_media":91456,"comment_status":"closed","ping_status":"closed","sticky":false,"template":"","format":"standard","meta":{"footnotes":""},"categories":[252],"tags":[],"class_list":["post-91457","post","type-post","status-publish","format-standard","has-post-thumbnail","hentry","category-regiao"],"_links":{"self":[{"href":"https:\/\/diarioregionaldigital.com.br\/index.php?rest_route=\/wp\/v2\/posts\/91457","targetHints":{"allow":["GET"]}}],"collection":[{"href":"https:\/\/diarioregionaldigital.com.br\/index.php?rest_route=\/wp\/v2\/posts"}],"about":[{"href":"https:\/\/diarioregionaldigital.com.br\/index.php?rest_route=\/wp\/v2\/types\/post"}],"author":[{"embeddable":true,"href":"https:\/\/diarioregionaldigital.com.br\/index.php?rest_route=\/wp\/v2\/users\/96"}],"replies":[{"embeddable":true,"href":"https:\/\/diarioregionaldigital.com.br\/index.php?rest_route=%2Fwp%2Fv2%2Fcomments&post=91457"}],"version-history":[{"count":0,"href":"https:\/\/diarioregionaldigital.com.br\/index.php?rest_route=\/wp\/v2\/posts\/91457\/revisions"}],"wp:featuredmedia":[{"embeddable":true,"href":"https:\/\/diarioregionaldigital.com.br\/index.php?rest_route=\/wp\/v2\/media\/91456"}],"wp:attachment":[{"href":"https:\/\/diarioregionaldigital.com.br\/index.php?rest_route=%2Fwp%2Fv2%2Fmedia&parent=91457"}],"wp:term":[{"taxonomy":"category","embeddable":true,"href":"https:\/\/diarioregionaldigital.com.br\/index.php?rest_route=%2Fwp%2Fv2%2Fcategories&post=91457"},{"taxonomy":"post_tag","embeddable":true,"href":"https:\/\/diarioregionaldigital.com.br\/index.php?rest_route=%2Fwp%2Fv2%2Ftags&post=91457"}],"curies":[{"name":"wp","href":"https:\/\/api.w.org\/{rel}","templated":true}]}}