{"id":91451,"date":"2018-02-07T21:48:30","date_gmt":"2018-02-07T23:48:30","guid":{"rendered":"http:\/\/diarioregionaljf.com.br\/2018\/02\/07\/descoberto1-08-02-18\/"},"modified":"2018-08-13T20:35:58","modified_gmt":"2018-08-13T23:35:58","slug":"descoberto1-08-02-18","status":"publish","type":"post","link":"https:\/\/diarioregionaldigital.com.br\/?p=91451","title":{"rendered":"Descoberto1 08\/02\/18"},"content":{"rendered":"<p style=\"text-align: center;\"><span class=\"h4\">EXTRATO DE CONTRATO<\/span><br \/>Pref. Municipal de Descoberto x A\u00e7ougue Kamil\u00e3o Eireli-ME- Objeto: Aquisi\u00e7\u00e3o de g\u00eaneros aliment\u00edcios para atender a merenda escolar e lanche dos funcion\u00e1rios de todos os departamentos da Prefeitura Municipal de Descoberto &#8211; Fundamento: Preg\u00e3o 001\/2018 \u2013Valor Global:12.325,00\u2013 Vig\u00eancia: 6 meses\u2013 Dot or\u00e7: 02.06000.15.122.0002.202-339030\/ 02.02000.04.122.0002.218-339030\/ 02.08000.08.244.0011.232-339030\/ 02.04001.12.122.0002.233-339030\/ 02.08000.08.244.0012.238-339030\/ 02.09000.18.541.0013.242-339030\/ 02.04002.12.361.0003.255-339030\/ 02.04002.12.365.0003.260-339030\/ 02.04003.12.306.0003.263-339030\/ 02.04004.27.812.0016.273-339030\/ 02.05001.10.122.0002.284-339030- Ass: 02\/02\/18- Foro: S\u00e3o Jo\u00e3o Nepomuceno\/MG.<\/p>\n<p style=\"text-align: center;\">Marcos de Ara\u00fajo Lima<br \/>Prefeito Municipal<\/p>\n","protected":false},"excerpt":{"rendered":"<p>EXTRATO DE CONTRATOPref. Municipal de Descoberto x A\u00e7ougue Kamil\u00e3o Eireli-ME- Objeto: Aquisi\u00e7\u00e3o de g\u00eaneros aliment\u00edcios para atender a merenda escolar e lanche dos funcion\u00e1rios de todos os departamentos da Prefeitura Municipal de Descoberto &#8211; Fundamento: Preg\u00e3o 001\/2018 \u2013Valor Global:12.325,00\u2013 Vig\u00eancia: 6 meses\u2013 Dot or\u00e7: 02.06000.15.122.0002.202-339030\/ 02.02000.04.122.0002.218-339030\/ 02.08000.08.244.0011.232-339030\/ 02.04001.12.122.0002.233-339030\/ 02.08000.08.244.0012.238-339030\/ 02.09000.18.541.0013.242-339030\/ 02.04002.12.361.0003.255-339030\/ 02.04002.12.365.0003.260-339030\/ 02.04003.12.306.0003.263-339030\/ 02.04004.27.812.0016.273-339030\/ 02.05001.10.122.0002.284-339030- [&hellip;]<\/p>\n","protected":false},"author":96,"featured_media":0,"comment_status":"closed","ping_status":"closed","sticky":false,"template":"","format":"standard","meta":{"footnotes":""},"categories":[307],"tags":[],"class_list":["post-91451","post","type-post","status-publish","format-standard","hentry","category-editais"],"_links":{"self":[{"href":"https:\/\/diarioregionaldigital.com.br\/index.php?rest_route=\/wp\/v2\/posts\/91451","targetHints":{"allow":["GET"]}}],"collection":[{"href":"https:\/\/diarioregionaldigital.com.br\/index.php?rest_route=\/wp\/v2\/posts"}],"about":[{"href":"https:\/\/diarioregionaldigital.com.br\/index.php?rest_route=\/wp\/v2\/types\/post"}],"author":[{"embeddable":true,"href":"https:\/\/diarioregionaldigital.com.br\/index.php?rest_route=\/wp\/v2\/users\/96"}],"replies":[{"embeddable":true,"href":"https:\/\/diarioregionaldigital.com.br\/index.php?rest_route=%2Fwp%2Fv2%2Fcomments&post=91451"}],"version-history":[{"count":0,"href":"https:\/\/diarioregionaldigital.com.br\/index.php?rest_route=\/wp\/v2\/posts\/91451\/revisions"}],"wp:attachment":[{"href":"https:\/\/diarioregionaldigital.com.br\/index.php?rest_route=%2Fwp%2Fv2%2Fmedia&parent=91451"}],"wp:term":[{"taxonomy":"category","embeddable":true,"href":"https:\/\/diarioregionaldigital.com.br\/index.php?rest_route=%2Fwp%2Fv2%2Fcategories&post=91451"},{"taxonomy":"post_tag","embeddable":true,"href":"https:\/\/diarioregionaldigital.com.br\/index.php?rest_route=%2Fwp%2Fv2%2Ftags&post=91451"}],"curies":[{"name":"wp","href":"https:\/\/api.w.org\/{rel}","templated":true}]}}