{"id":91450,"date":"2018-02-07T21:47:22","date_gmt":"2018-02-07T23:47:22","guid":{"rendered":"http:\/\/diarioregionaljf.com.br\/2018\/02\/07\/cartorio-benfica-08-02-18\/"},"modified":"2018-08-13T20:35:59","modified_gmt":"2018-08-13T23:35:59","slug":"cartorio-benfica-08-02-18","status":"publish","type":"post","link":"https:\/\/diarioregionaldigital.com.br\/?p=91450","title":{"rendered":"Cart\u00f3rio Benfica 08-02-18"},"content":{"rendered":"<p class=\"h4\">REP\u00daBLICA FEDERATIVA DO BRASIL ESTADO DE MINAS GERAIS<\/p>\n<p class=\"h4\">Cart\u00f3rio de Registro Civil 3\u00ba Subdistrito &#8211; Juiz de Fora MG<br \/>Oficial Titular: Mariana Sad Albuquerque e Castro<\/p>\n<p class=\"h4\">Rua Tom\u00e9 de Souza, 49 &#8211; Lj 03 Benfica<br \/>36090270 &#8211; Juiz de Fora &#8211; MG<\/p>\n<p>Faz saber que pretendem casar-se:<\/p>\n<p>01 &#8211; \u00c1LVARO REIS DE OLIVEIRA, resid\u00eancia Rua Jos\u00e9 Teixeira da Silva, 347\/101, Cidade do Sol, Juiz de Fora-MG; e NATHALIA CRISTHINA ALVES ESTRADE, resid\u00eancia Rua Jos\u00e9 Teixeira da Silva, 347\/101, Cidade do Sol, Juiz de Fora-MG<\/p>\n<p>02 &#8211; L\u00daCIO GOMES DE BRITO, resid\u00eancia Rua Engenheiro Geraldo Mattos Magela San\u00e1bio, n\u00ba755\/403, Recanto da Mata, Juiz de Fora-MG; e NEIDIANE MAYULI MARQUES PIRES, resid\u00eancia Rua Engenheiro Geraldo Mattos Magela San\u00e1bio, n\u00ba755\/403, Juiz de Fora-MG<\/p>\n<p>03 &#8211; JO\u00c3O VICTOR MAGELA, resid\u00eancia Rua Ros\u00e1rio Fusco, 12\/302, Cidade do Sol, Juiz de Fora-MG; e MAIARA SOUZA DE OLIVEIRA, resid\u00eancia Rua Jovelina Maria Franco, 05, Ponte Preta, Juiz de Fora-MG<\/p>\n<p>04 &#8211; LEANDER ARTHUR FLORIANO, resid\u00eancia Rua Geraldo Pessoa Aquino, n\u00ba. 28\/104, Joquei Clube III, Juiz de Fora-MG; e THAINARA DO CARMO CANDIDO, resid\u00eancia Rua Geraldo Pessoa Aquino, n\u00ba. 28\/103, Joquei Clube III, Juiz de Fora-MG<\/p>\n<p>05 &#8211; EVERTON JORGE DIAS DA SILVA, resid\u00eancia Rua \u00c2ngela Barbosa Miranda, n\u00ba37, Santa Isabel, Nova Era II, Juiz de Fora-MG; e LUANA TAGLIATTI, resid\u00eancia Rua Doutor Bezerra de Menezes, n\u00ba461\/1, Nova Era, Juiz de Fora-MG<\/p>\n<p>Os contraentes apresentaram os documentos exigidos pelo art.1525 do C\u00f3digo Civil Brasileiro. Se algu\u00e9m souber de algum impedimento, que os impe\u00e7am de se casar, que o fa\u00e7a na forma da Lei:<\/p>\n<p>Juiz de Fora , 07\/02\/2018<\/p>\n<p>MARIANA SAD ALBUQUERQUE E CASTRO<br \/>Oficial do Registro Civil<br \/>Cartosoft &#8211; Automa\u00e7\u00e3o de Cart\u00f3rios do Registro Civil www.cartosoft.com.br<\/p>\n","protected":false},"excerpt":{"rendered":"<p>REP\u00daBLICA FEDERATIVA DO BRASIL ESTADO DE MINAS GERAIS Cart\u00f3rio de Registro Civil 3\u00ba Subdistrito &#8211; Juiz de Fora MGOficial Titular: Mariana Sad Albuquerque e Castro Rua Tom\u00e9 de Souza, 49 &#8211; Lj 03 Benfica36090270 &#8211; Juiz de Fora &#8211; MG Faz saber que pretendem casar-se: 01 &#8211; \u00c1LVARO REIS DE OLIVEIRA, resid\u00eancia Rua Jos\u00e9 Teixeira [&hellip;]<\/p>\n","protected":false},"author":96,"featured_media":0,"comment_status":"closed","ping_status":"closed","sticky":false,"template":"","format":"standard","meta":{"footnotes":""},"categories":[307],"tags":[],"class_list":["post-91450","post","type-post","status-publish","format-standard","hentry","category-editais"],"_links":{"self":[{"href":"https:\/\/diarioregionaldigital.com.br\/index.php?rest_route=\/wp\/v2\/posts\/91450","targetHints":{"allow":["GET"]}}],"collection":[{"href":"https:\/\/diarioregionaldigital.com.br\/index.php?rest_route=\/wp\/v2\/posts"}],"about":[{"href":"https:\/\/diarioregionaldigital.com.br\/index.php?rest_route=\/wp\/v2\/types\/post"}],"author":[{"embeddable":true,"href":"https:\/\/diarioregionaldigital.com.br\/index.php?rest_route=\/wp\/v2\/users\/96"}],"replies":[{"embeddable":true,"href":"https:\/\/diarioregionaldigital.com.br\/index.php?rest_route=%2Fwp%2Fv2%2Fcomments&post=91450"}],"version-history":[{"count":0,"href":"https:\/\/diarioregionaldigital.com.br\/index.php?rest_route=\/wp\/v2\/posts\/91450\/revisions"}],"wp:attachment":[{"href":"https:\/\/diarioregionaldigital.com.br\/index.php?rest_route=%2Fwp%2Fv2%2Fmedia&parent=91450"}],"wp:term":[{"taxonomy":"category","embeddable":true,"href":"https:\/\/diarioregionaldigital.com.br\/index.php?rest_route=%2Fwp%2Fv2%2Fcategories&post=91450"},{"taxonomy":"post_tag","embeddable":true,"href":"https:\/\/diarioregionaldigital.com.br\/index.php?rest_route=%2Fwp%2Fv2%2Ftags&post=91450"}],"curies":[{"name":"wp","href":"https:\/\/api.w.org\/{rel}","templated":true}]}}