{"id":91449,"date":"2018-02-07T21:46:05","date_gmt":"2018-02-07T23:46:05","guid":{"rendered":"http:\/\/diarioregionaljf.com.br\/2018\/02\/07\/cartorio-cobucci-08-02-18\/"},"modified":"2018-08-13T20:35:59","modified_gmt":"2018-08-13T23:35:59","slug":"cartorio-cobucci-08-02-18","status":"publish","type":"post","link":"https:\/\/diarioregionaldigital.com.br\/?p=91449","title":{"rendered":"Cartorio Cobucci 08\/02\/18"},"content":{"rendered":"<p class=\"h4\">REP\u00daBLICA FEDERATIVA DO BRASIL ESTADO DE MINAS GERAIS<\/p>\n<p class=\"h4\">REGISTRO CIVIL DAS PESSOAS NATURAIS, INTERDI\u00c7\u00d5ES E TUTELAS<br \/>1\u00ba SUBDISTRITO<\/p>\n<p class=\"h4\">Oficial Titular: JOS\u00c9 THADEU MACHADO COBUCCI<\/p>\n<p class=\"h4\">Av. Pres. Itamar Franco, 1.522 Centro<br \/>36016-320 &#8211; Juiz de Fora \u2013 MG<\/p>\n<p>Faz saber que pretendem casar-se:<\/p>\n<p>01 &#8211; TELMO VALADARES ANDRADE, maior, estagi\u00e1rio, resid\u00eancia Avenida Darcy Vargas, 166, Ipiranga, Juiz de Fora-MG e THAYANE CRUZ DE VASCONCELLOS, maior, estudante, resid\u00eancia Avenida Darcy Vargas, 166, Ipiranga, Juiz de Fora-MG<\/p>\n<p>02 &#8211; RODRIGO DE OLIVEIRA SOUZA, maior, auxiliar de produ\u00e7\u00e3o, resid\u00eancia Avenida Presidente Itamar Franco, 1759\/602 B, S\u00e3o Mateus, Juiz de Fora-MG e ARYANE MILAGRE MACHADO JULI\u00c3O, maior, administradora, resid\u00eancia Avenida Presidente Itamar Franco, 1759\/602 B, S\u00e3o Mateus, Juiz de Fora-MG<\/p>\n<p>03 &#8211; GUILHERME BRUGIOLO MUNIZ, maior, m\u00e9dico, resid\u00eancia Rua Oleg\u00e1rio Maciel, 2374\/201, Paineiras, Juiz de Fora-MG e NATHALIA TREPIM CAMPOS, maior, enfermeira, resid\u00eancia Rua Oleg\u00e1rio Maciel, 2374\/201, Paineiras, Juiz de Fora-MG<\/p>\n<p>04 &#8211; ANDERSON M\u00c1RIO ARA\u00daJO LEMOS, maior, motorista, resid\u00eancia Rua Ana Moreira, 92, Ipiranguinha, Juiz de Fora-MG e RAQUEL LOPES ALVES, maior, profissional de educa\u00e7\u00e3o f\u00edsica, resid\u00eancia Rua Ana Moreira, 92, Ipiranguinha, Juiz de Fora-MG<\/p>\n<p>05 &#8211; THIAGO EMMANUEL SILV\u00c9RIO, maior, copeiro, resid\u00eancia Rua Tereza Vaz de Melo, 100, Ipiranguinha, Juiz de Fora-MG e JOCIELIA APARECIDA DA SILVA, maior, operadora de m\u00e1quina, resid\u00eancia Rua Tereza Vaz de Melo, 100, Ipiranguinha, Juiz de Fora-MG<\/p>\n<p>06 &#8211; MAICON VENERANDO ALVES, maior, analista de suporte, resid\u00eancia Rua Eduardo Viviane, 64, Boa Vista, Juiz de Fora-MG e LARISSA DE ANDRADE BARRETO, maior, operadora de plotter, resid\u00eancia Rua Eduardo Viviane, 64, Boa Vista, Juiz de Fora-MG<\/p>\n<p>07 &#8211; FL\u00c1VIO SOTO GUIZILINI, maior, servidor p\u00fablico, resid\u00eancia Rua Estevam Pyr\u00e2mides Filho, 135\/102,, Santos Dumont, Juiz de Fora-MG e TACE ELLIS DE PAIVA, maior, educadora, resid\u00eancia Rua Estevam Pyr\u00e2mides Filho, 135\/102,, Santos Dumont, Juiz de Fora-MG<\/p>\n<p>08 &#8211; GABRIEL FERREIRA DA SILVA, maior, engenheiro, resid\u00eancia Rua Bar\u00e3o de S\u00e3o Marcelino, 680\/201, Passos, Juiz de Fora-MG e CAMILA TEODORO DE FARIA, maior, fot\u00f3grafa, resid\u00eancia Rua Bar\u00e3o de S\u00e3o Marcelino, 680\/201, Passos, Juiz de Fora-MG<\/p>\n<p>09 &#8211; ANDR\u00c9 LU\u00cdS LEITE PEREIRA, maior, motorista, resid\u00eancia Rua C\u00f4nego Lauro Neves, 292, Ipiranga, Juiz de Fora-MG e FABIANA APARECIDA DO NASCIMENTO FERNANDES, maior, operadora de caixa, resid\u00eancia Rua C\u00f4nego Lauro Neves, 292, Ipiranga, Juiz de Fora-MG<\/p>\n<p>10 &#8211; ATENEDES RUI RAMOS, maior, contador, resid\u00eancia Rua Ant\u00f4nio Dias Tostes, 231\/202, Granbery, Juiz de Fora-MG e BIANCA MENDES, maior, tecn\u00f3loga em radiologia, resid\u00eancia Rua Ant\u00f4nio Dias Tostes, 231\/202, Granbery, Juiz de Fora-MG<\/p>\n<p>11 &#8211; ANTONIO SERGIO GERVASON DE MACEDO, maior, militar, resid\u00eancia Rua Bar\u00e3o de Aquino, 125\/509, Alto dos Passos, Juiz de Fora-MG; e LILIANA GOULART MATTOS DE MACEDO, maior, fisioterapeuta, resid\u00eancia Rua Doutor Jos\u00e9 Barbosa, 70\/302, S\u00e3o Mateus, Juiz de Fora-M<\/p>\n<p>12 &#8211; LEANDRO DE AZEVEDO, maior, policial militar, resid\u00eancia Rua Almiro Ribeiro de Toledo, 193, Jardim de Al\u00e1, Juiz de Fora-MG e ADRIANA CORREA AZEVEDO, maior, assistente administrativo, resid\u00eancia Rua Almiro Ribeiro de Toledo, 193, Jardim de Al\u00e1, Juiz de Fora-MG<\/p>\n<p>13 &#8211; GUSTAVO SANTOS SILVA, maior, reporter cinematogr\u00e1fico, resid\u00eancia Rua Almiro Ribeiro de Toledo, 366, Jardim de Al\u00e1, Juiz de Fora-MG e ANGELICA DAMASCENO FRANCK, maior, publicit\u00e1ria, resid\u00eancia Rua Almiro Ribeiro de Toledo, 366, Jardim de Al\u00e1, Juiz de Fora-MG<\/p>\n<p>14 &#8211; ELISA CARVALHO MIRANDA, maior, administradora, resid\u00eancia Rua Redentor, 190\/307, Paineiras, Juiz de Fora-MG; e THA\u00cdS REGINA MOTTA THIMOTEO, maior, banc\u00e1ria, resid\u00eancia Rua Redentor, 190\/307, Paineiras, Juiz de Fora-MG<\/p>\n<p>15 &#8211; WELBERTON AUGUSTO DA SILVA, maior, barbeiro, resid\u00eancia Rua Dr. Jos\u00e9 Lanziotti, 280,, Jardim Ga\u00facho, Juiz de Fora-MG; e NAT\u00c1LIA CAMPOS DA SILVA, maior, manicure e pedicure, resid\u00eancia Rua Dr. Jos\u00e9 Lanziotti, 280,, , Juiz de Fora-MG<\/p>\n<p>16 &#8211; THIAGO AMORIM, maior, contador, resid\u00eancia Rua Severiano Sarmento, 25\/308, Alto dos Passos, Juiz de Fora-MG e ANELISE MARTINS DA SILVA, maior, administradora, resid\u00eancia Rua Severiano Sarmento, 25\/308, Alto dos Passos, Juiz de Fora-MG<\/p>\n<p>17 &#8211; JEAN PATRICK ALVES, maior, t\u00e9cnico de seguran\u00e7a, resid\u00eancia Rua Padre Tiago, 65\/503, S\u00e3o Mateus, Juiz de Fora-MG; e PAULA FRANCISCO PAES, maior, servidora p\u00fablica, resid\u00eancia Rua Padre Tiago, 65\/503, S\u00e3o Mateus, Juiz de Fora-MG<\/p>\n<p>18 &#8211; RONALDO LACERDA FERREIRA, maior, aut\u00f4nomo, resid\u00eancia Rua S\u00e9rgio Barbosa, 31, Retiro, Juiz de Fora-MG e JOYCE BRAGA DE DEUS, maior, aut\u00f4nomo, resid\u00eancia Avenida Presidente Itamar Franco, 605\/805, Centro, Juiz de Fora-MG<\/p>\n<p>19 &#8211; RODRIGO TOLEDO TAFURI FERREIRA, maior, banc\u00e1rio, resid\u00eancia Rua Isabel Bastos, 25\/301, Alto dos Passos, Juiz de Fora-MG e \u00cdSIS LOPES D\u00b4OLIVEIRA ZISELS, maior, estudante, resid\u00eancia Avenida Presidente Itamar Franco, 1460\/603, Centro, Juiz de Fora-MG<\/p>\n<p>20 &#8211; JEFERSON RIBEIRO ROSA, maior, funcion\u00e1rio p\u00fablico, resid\u00eancia Rua Carneiro da Silva, 85, Furtado de Menezes, Juiz de Fora-MG e TALITA DIAS, maior, do lar, resid\u00eancia Rua Carneiro da Silva, 85, Furtado de Menezes, Juiz de Fora-MG<\/p>\n<p>Os contraentes apresentaram os documentos exigidos pelo art.1525 do C\u00f3digo Civil Brasileiro. Se algu\u00e9m souber de algum impedimento, que os impe\u00e7am de se casar, que o fa\u00e7a na forma da Lei.<\/p>\n<p>Juiz de Fora, 07\/02\/2018<\/p>\n<p>JOS\u00c9 THADEU MACHADO COBUCCI<br \/>Oficial do Registro Civil<br \/>Cartosoft &#8211; Automa\u00e7\u00e3o de Cart\u00f3rios do Registro Civil www.cartosoft.com.br<\/p>\n","protected":false},"excerpt":{"rendered":"<p>REP\u00daBLICA FEDERATIVA DO BRASIL ESTADO DE MINAS GERAIS REGISTRO CIVIL DAS PESSOAS NATURAIS, INTERDI\u00c7\u00d5ES E TUTELAS1\u00ba SUBDISTRITO Oficial Titular: JOS\u00c9 THADEU MACHADO COBUCCI Av. Pres. Itamar Franco, 1.522 Centro36016-320 &#8211; Juiz de Fora \u2013 MG Faz saber que pretendem casar-se: 01 &#8211; TELMO VALADARES ANDRADE, maior, estagi\u00e1rio, resid\u00eancia Avenida Darcy Vargas, 166, Ipiranga, Juiz de [&hellip;]<\/p>\n","protected":false},"author":96,"featured_media":0,"comment_status":"closed","ping_status":"closed","sticky":false,"template":"","format":"standard","meta":{"footnotes":""},"categories":[307],"tags":[],"class_list":["post-91449","post","type-post","status-publish","format-standard","hentry","category-editais"],"_links":{"self":[{"href":"https:\/\/diarioregionaldigital.com.br\/index.php?rest_route=\/wp\/v2\/posts\/91449","targetHints":{"allow":["GET"]}}],"collection":[{"href":"https:\/\/diarioregionaldigital.com.br\/index.php?rest_route=\/wp\/v2\/posts"}],"about":[{"href":"https:\/\/diarioregionaldigital.com.br\/index.php?rest_route=\/wp\/v2\/types\/post"}],"author":[{"embeddable":true,"href":"https:\/\/diarioregionaldigital.com.br\/index.php?rest_route=\/wp\/v2\/users\/96"}],"replies":[{"embeddable":true,"href":"https:\/\/diarioregionaldigital.com.br\/index.php?rest_route=%2Fwp%2Fv2%2Fcomments&post=91449"}],"version-history":[{"count":0,"href":"https:\/\/diarioregionaldigital.com.br\/index.php?rest_route=\/wp\/v2\/posts\/91449\/revisions"}],"wp:attachment":[{"href":"https:\/\/diarioregionaldigital.com.br\/index.php?rest_route=%2Fwp%2Fv2%2Fmedia&parent=91449"}],"wp:term":[{"taxonomy":"category","embeddable":true,"href":"https:\/\/diarioregionaldigital.com.br\/index.php?rest_route=%2Fwp%2Fv2%2Fcategories&post=91449"},{"taxonomy":"post_tag","embeddable":true,"href":"https:\/\/diarioregionaldigital.com.br\/index.php?rest_route=%2Fwp%2Fv2%2Ftags&post=91449"}],"curies":[{"name":"wp","href":"https:\/\/api.w.org\/{rel}","templated":true}]}}