{"id":91447,"date":"2018-02-07T21:42:58","date_gmt":"2018-02-07T23:42:58","guid":{"rendered":"http:\/\/diarioregionaljf.com.br\/2018\/02\/07\/e-show-4\/"},"modified":"2018-02-07T21:42:58","modified_gmt":"2018-02-07T23:42:58","slug":"e-show-4","status":"publish","type":"post","link":"https:\/\/diarioregionaldigital.com.br\/?p=91447","title":{"rendered":"\u00c9 Show"},"content":{"rendered":"<p style=\"text-align: center;\"><span class=\"h4\">Fazendo a Diferen\u00e7a<\/span><br \/>Considerado o melhor dan\u00e7arino do Brasil, W\u00eamerson Goulart (Pr\u00eamio Di\u00e1rio Regional TVE 2017), agora faz parte no Rio de Janeiro do primeiro time de futebol gay da cidade maravilhosa. O carioca e o time ir\u00e3o participar da Liga Gay em abril na cidade de Porto Alegre e em agosto da Olimp\u00edada Gay, em Paris.<\/p>\n<p style=\"text-align: center;\"><span class=\"h4\">Economia<\/span><br \/>Em boa hora, o Sebrae Minas vai realizar, entre os dias 19 e 24 de mar\u00e7o, mais uma edi\u00e7\u00e3o do Empretec. O semin\u00e1rio visa estimular o comportamento empreendedor de empres\u00e1rios, a partir de metodologia desenvolvida pela Organiza\u00e7\u00e3o das Na\u00e7\u00f5es Unidas (ONU). O programa oferece capacita\u00e7\u00e3o intensiva, realizada em seis dias de imers\u00e3o exclusiva.<\/p>\n<p style=\"text-align: center;\"><span class=\"h4\">Carnaval JF<\/span><br \/>O tradicional Bloco Dom\u00e9sticas de luxo fez seu desfile no \u00faltimo s\u00e1bado em ritmo de protesto. Com 60 anos de carnaval, os 150 foli\u00f5es desceram o Cal\u00e7ad\u00e3o e muito animados vestiram o figurino \u201cDom\u00e9sticas de Luto\u201d. O gancho serviu para desabafo, por n\u00e3o receberem nenhum apoio oficial.<\/p>\n<p style=\"text-align: center;\"><span class=\"h4\">Luz&#8230; C\u00e2mera&#8230; A\u00e7\u00e3o<\/span><br \/>Relator do projeto de privatiza\u00e7\u00e3o da Eletrobras, Jos\u00e9 Carlos Aleluia (DEM-BA), vai propor um mecanismo permanente para financiar a revitaliza\u00e7\u00e3o do Rio S\u00e3o Francisco. Segundo ele, o projeto deve levar em conta quest\u00f5es regionais. N\u00e3o passa como est\u00e1. Quem viver ver\u00e1!<\/p>\n<p style=\"text-align: center;\"><span class=\"h4\">Ver\u00e3oz\u00e3o<\/span><br \/>O esp\u00edrito n\u00e1utico volta a gritar neste ver\u00e3o como vedete da esta\u00e7\u00e3o. A moda est\u00e1 linda com listras, bot\u00f5es e \u00e2ncoras que d\u00e3o o mote. Os dias aumentam, a temperatura sobe, a fauna e a flora unem-se com exuberantes borboletas, frutas e flores nos modelitos.<\/p>\n<p style=\"text-align: center;\"><span class=\"h4\">Olha Ele<\/span><br \/>O carnaval de Neguinho da Beija Flor vai atravessar todo o m\u00eas de fevereiro com direito a dispers\u00e3o s\u00f3 em mar\u00e7o. A partir do dia 23, o sambista faz uma s\u00e9rie de shows nos Estados Unidos. A turn\u00ea inclui dez cidades. Entre elas, S\u00e3o Francisco, Los Angeles, Las Vegas, Orlando e Nova York. S\u00f3 retorna ao Brasil em 11 de mar\u00e7o.<\/p>\n<p style=\"text-align: center;\"><span class=\"h4\">Charme<\/span><br \/>Existe uma vida magn\u00edfica na moda carioca que vai muito al\u00e9m das butiques de Ipanema e da Barra. \u00c9 o que revela em seu novo e espetacular livro a jornalista M\u00e1rcia Disttizer. Em seu p\u00e9riplo pelas comunidades do Rio de Janeiro, ela se descobriu numa revela\u00e7\u00e3o cultural e interna. Li e gostei.<\/p>\n<p style=\"text-align: center;\"><span class=\"h4\">\u00c9 Show<\/span><br \/>Provocando del\u00edrio por ondem passam, o jovem cantor Gustavo Anthony e a dupla TNI \u00e9 um sucesso s\u00f3. Em recente apresenta\u00e7\u00e3o no Bar Nu Grau, no bairro de Lourdes, atraiu uma multid\u00e3o de gente bonita, que foram fotografadas especialmente para esta coluna pelo produtor das estrelas Daniell de Mattos. Confiram.<\/p>\n<p style=\"text-align: center;\"><img decoding=\"async\" class=\" size-full wp-image-91442\" src=\"http:\/\/diarioregionaljf.com.br\/wp-content\/uploads\/2018\/02\/diario-int-23957-1.jpg\" alt=\"fotoa.jpg\" width=\"680\" style=\"display: block; margin-left: auto; margin-right: auto;\" srcset=\"https:\/\/diarioregionaldigital.com.br\/wp-content\/uploads\/2018\/02\/diario-int-23957-1.jpg 680w, https:\/\/diarioregionaldigital.com.br\/wp-content\/uploads\/2018\/02\/diario-int-23957-1-300x199.jpg 300w, https:\/\/diarioregionaldigital.com.br\/wp-content\/uploads\/2018\/02\/diario-int-23957-1-360x238.jpg 360w\" sizes=\"(max-width: 680px) 100vw, 680px\" \/>O cantor Gustavo Anthony ladeado de Luciana Lopes, Carlos Barbosa, Eduardo Gomes e Dani Verpel<\/p>\n<p style=\"text-align: center;\"><img decoding=\"async\" class=\" size-full wp-image-91443\" src=\"http:\/\/diarioregionaljf.com.br\/wp-content\/uploads\/2018\/02\/diario-int-23957-2.jpg\" alt=\"fotob.jpg\" width=\"680\" style=\"display: block; margin-left: auto; margin-right: auto;\" srcset=\"https:\/\/diarioregionaldigital.com.br\/wp-content\/uploads\/2018\/02\/diario-int-23957-2.jpg 680w, https:\/\/diarioregionaldigital.com.br\/wp-content\/uploads\/2018\/02\/diario-int-23957-2-300x199.jpg 300w, https:\/\/diarioregionaldigital.com.br\/wp-content\/uploads\/2018\/02\/diario-int-23957-2-360x238.jpg 360w\" sizes=\"(max-width: 680px) 100vw, 680px\" \/>O cantor Gustavo Anthony com f\u00e3s<\/p>\n<p style=\"text-align: center;\"><img decoding=\"async\" class=\" size-full wp-image-91444\" src=\"http:\/\/diarioregionaljf.com.br\/wp-content\/uploads\/2018\/02\/diario-int-23957-3.jpg\" alt=\"fotoc.jpg\" width=\"680\" style=\"display: block; margin-left: auto; margin-right: auto;\" srcset=\"https:\/\/diarioregionaldigital.com.br\/wp-content\/uploads\/2018\/02\/diario-int-23957-3.jpg 680w, https:\/\/diarioregionaldigital.com.br\/wp-content\/uploads\/2018\/02\/diario-int-23957-3-300x199.jpg 300w, https:\/\/diarioregionaldigital.com.br\/wp-content\/uploads\/2018\/02\/diario-int-23957-3-360x238.jpg 360w\" sizes=\"(max-width: 680px) 100vw, 680px\" \/>O cantor Gustavo Anthony com a dupla do TNI, Emerson Augusto e Ronald Dilon<\/p>\n<p style=\"text-align: center;\"><img decoding=\"async\" class=\" size-full wp-image-91445\" src=\"http:\/\/diarioregionaljf.com.br\/wp-content\/uploads\/2018\/02\/diario-int-23957-4.jpg\" alt=\"fotod.jpg\" width=\"680\" style=\"display: block; margin-left: auto; margin-right: auto;\" srcset=\"https:\/\/diarioregionaldigital.com.br\/wp-content\/uploads\/2018\/02\/diario-int-23957-4.jpg 680w, https:\/\/diarioregionaldigital.com.br\/wp-content\/uploads\/2018\/02\/diario-int-23957-4-266x300.jpg 266w, https:\/\/diarioregionaldigital.com.br\/wp-content\/uploads\/2018\/02\/diario-int-23957-4-360x407.jpg 360w\" sizes=\"(max-width: 680px) 100vw, 680px\" \/>O cantor Gustavo Anthony com seu padrinho Eduardo Gomes<\/p>\n<p style=\"text-align: center;\"><img decoding=\"async\" class=\" size-full wp-image-91446\" src=\"http:\/\/diarioregionaljf.com.br\/wp-content\/uploads\/2018\/02\/diario-int-23957-5.jpg\" alt=\"fotoe.jpg\" width=\"680\" style=\"display: block; margin-left: auto; margin-right: auto;\" srcset=\"https:\/\/diarioregionaldigital.com.br\/wp-content\/uploads\/2018\/02\/diario-int-23957-5.jpg 680w, https:\/\/diarioregionaldigital.com.br\/wp-content\/uploads\/2018\/02\/diario-int-23957-5-300x199.jpg 300w, https:\/\/diarioregionaldigital.com.br\/wp-content\/uploads\/2018\/02\/diario-int-23957-5-360x238.jpg 360w\" sizes=\"(max-width: 680px) 100vw, 680px\" \/>Ladeando o colunista, os poderosos Fabiano Garcia, Luciana Lopes, Carlos Barbosa e a linda Dani Verpel<\/p>\n<p class=\"h4\" style=\"text-align: center;\">FOTOSS\u00cdNTESE<\/p>\n<p>Nesta quinta-feira tem carnaval em JF, com o desfile dos Blocos \u201cRecordar \u00e9 Viver\u201d e \u201cPagod\u00e3o dos Clubes\u201d.<\/p>\n<p>Com margem de erro, de dois pontos para mais ou menos, os foli\u00f5es est\u00e3o 100% concentrados para o Baile da Banda Daki, nesta 5\u00aa feira, 8 de fevereiro, \u00e0s 22h, no Niversite.<\/p>\n<p>Causando impacto positivo a campanha Carnaval Sem Ass\u00e9dio promovido pela C\u00e2mara Municipal de Juiz de Fora atrav\u00e9s da Comiss\u00e3o de Direitos da Mulher. Circulando distribuindo leques de alerta pelos blocos, a Presidente da Comiss\u00e3o delegada vereadora Sheila Oliveira, vereadores Andr\u00e9 Mariano, Charlles Evangelista e Ana Rossignoli (suplente). Para denunciar abusos, ligue 180.<\/p>\n<p>A moda de biqu\u00edni de fita isolante da Anitta pegou nesse ver\u00e3o j\u00e1 para Pablo Vittar, foi o emplastro de sabi\u00e1 Pano r\u00e1pido.<\/p>\n<p>Aten\u00e7\u00e3o motoristas: o Detran de Minas Gerais lan\u00e7ou a carteira de motorista digital, que ser\u00e1 v\u00e1lida para todo territ\u00f3rio nacional. Fique de olho.<\/p>\n<p>Com muito otimismo, o Gerente de RH da Arcelor Mittal, Ricardo Schmidt Ara\u00fajo, vibrou com a not\u00edcia de que a empresa alcan\u00e7ou a primeira coloca\u00e7\u00e3o no ramo da metalurgia e minera\u00e7\u00e3o e a quinta posi\u00e7\u00e3o geral no estudo \u201cTranspar\u00eancia em relat\u00f3rios corporativos: as 100 maiores empresas e os 10 maiores bancos brasileiros\u201d. Em parceria com a Funda\u00e7\u00e3o Get\u00falio Vargas, foi publicado pela Transpar\u00eancia Internacional, em S\u00e3o Paulo. A empresa obteve m\u00e9dia 8.8.<\/p>\n<p>Retornando de Belo Horizonte, a comandante da Guarda Municipal, Emilce de Castro, onde participou da 16\u00aa edi\u00e7\u00e3o do F\u00f3rum Nacional de Seguran\u00e7a Municipal.<\/p>\n<p>Aten\u00e7\u00e3o: a recess\u00e3o econ\u00f4mica mexeu at\u00e9 com o m\u00eas das noivas. Maio perdeu o posto para novembro e dezembro. O motivo \u00e9 que as mulheres est\u00e3o preferindo casar no fim do ano para aproveitar o d\u00e9cimo terceiro sal\u00e1rio, segundo especialistas. J\u00e1 no segmento buffet e nas formas de eventos, o faturamento \u00e9 alt\u00edssimo.<\/p>\n<p>Para ser feliz no carnaval: O bem da maior quantidade poss\u00edvel de pessoas ser\u00e1 o seu bem tamb\u00e9m. Busque conquistar esse objetivo e as coisas se tornar\u00e3o, dia a dia, muito mais simples do que s\u00e3o agora, em que todo mundo pensa apenas em si. Bom dia.<\/p>\n","protected":false},"excerpt":{"rendered":"<p>Fazendo a Diferen\u00e7aConsiderado o melhor dan\u00e7arino do Brasil, W\u00eamerson Goulart (Pr\u00eamio Di\u00e1rio Regional TVE 2017), agora faz parte no Rio de Janeiro do primeiro time de futebol gay da cidade maravilhosa. O carioca e o time ir\u00e3o participar da Liga Gay em abril na cidade de Porto Alegre e em agosto da Olimp\u00edada Gay, em [&hellip;]<\/p>\n","protected":false},"author":96,"featured_media":91441,"comment_status":"closed","ping_status":"closed","sticky":false,"template":"","format":"standard","meta":{"footnotes":""},"categories":[264],"tags":[],"class_list":["post-91447","post","type-post","status-publish","format-standard","has-post-thumbnail","hentry","category-eduardo-gomes"],"_links":{"self":[{"href":"https:\/\/diarioregionaldigital.com.br\/index.php?rest_route=\/wp\/v2\/posts\/91447","targetHints":{"allow":["GET"]}}],"collection":[{"href":"https:\/\/diarioregionaldigital.com.br\/index.php?rest_route=\/wp\/v2\/posts"}],"about":[{"href":"https:\/\/diarioregionaldigital.com.br\/index.php?rest_route=\/wp\/v2\/types\/post"}],"author":[{"embeddable":true,"href":"https:\/\/diarioregionaldigital.com.br\/index.php?rest_route=\/wp\/v2\/users\/96"}],"replies":[{"embeddable":true,"href":"https:\/\/diarioregionaldigital.com.br\/index.php?rest_route=%2Fwp%2Fv2%2Fcomments&post=91447"}],"version-history":[{"count":0,"href":"https:\/\/diarioregionaldigital.com.br\/index.php?rest_route=\/wp\/v2\/posts\/91447\/revisions"}],"wp:featuredmedia":[{"embeddable":true,"href":"https:\/\/diarioregionaldigital.com.br\/index.php?rest_route=\/wp\/v2\/media\/91441"}],"wp:attachment":[{"href":"https:\/\/diarioregionaldigital.com.br\/index.php?rest_route=%2Fwp%2Fv2%2Fmedia&parent=91447"}],"wp:term":[{"taxonomy":"category","embeddable":true,"href":"https:\/\/diarioregionaldigital.com.br\/index.php?rest_route=%2Fwp%2Fv2%2Fcategories&post=91447"},{"taxonomy":"post_tag","embeddable":true,"href":"https:\/\/diarioregionaldigital.com.br\/index.php?rest_route=%2Fwp%2Fv2%2Ftags&post=91447"}],"curies":[{"name":"wp","href":"https:\/\/api.w.org\/{rel}","templated":true}]}}