{"id":91440,"date":"2018-02-07T21:19:52","date_gmt":"2018-02-07T23:19:52","guid":{"rendered":"http:\/\/diarioregionaljf.com.br\/2018\/02\/07\/temer-afirma-que-governo-criou-condicoes-para-queda-dos-juros\/"},"modified":"2018-02-07T21:19:52","modified_gmt":"2018-02-07T23:19:52","slug":"temer-afirma-que-governo-criou-condicoes-para-queda-dos-juros","status":"publish","type":"post","link":"https:\/\/diarioregionaldigital.com.br\/?p=91440","title":{"rendered":"Temer afirma que governo criou condi\u00e7\u00f5es para queda dos juros"},"content":{"rendered":"<p>O presidente Michel Temer comemorou mais uma queda da taxa b\u00e1sica de juros (Selic), definida hoje, 7, pelo Comit\u00ea de Pol\u00edtica Monet\u00e1ria (Copom). Desta vez, a redu\u00e7\u00e3o foi de 0,25 ponto percentual; de 7% ao ano para 6,75% ao ano. A decis\u00e3o era esperada pelos analistas financeiros. Temer afirmou que o governo criou as condi\u00e7\u00f5es para este cen\u00e1rio econ\u00f4mico.<\/p>\n<p>\u201cO Brasil acaba de receber uma \u00f3tima not\u00edcia. A taxa b\u00e1sica de juros caiu para o menor n\u00edvel da hist\u00f3ria, para 6,75% ao ano. Isso \u00e9 motivo para comemorar. O governo fez o dever de casa e criou as condi\u00e7\u00f5es para o Banco Central cortar os juros. Para o pa\u00eds, isso \u00e9 um incentivo para mais investimentos, um incentivo \u00e0 gera\u00e7\u00e3o de empregos\u201d, disse o presidente em sua conta no Twitter. Esta foi a 11\u00aa queda seguida nos juros b\u00e1sicos da economia.<\/p>\n<p>Com a redu\u00e7\u00e3o de hoje, a Selic continua no menor n\u00edvel desde o in\u00edcio da s\u00e9rie hist\u00f3rica do Banco Central, em 1986. De outubro de 2012 a abril de 2013, a taxa foi mantida em 7,25% ao ano e passou a ser reajustada gradualmente at\u00e9 alcan\u00e7ar 14,25% ao ano em julho de 2015. Em outubro de 2016, o Copom voltou a reduzir os juros b\u00e1sicos da economia at\u00e9 que a taxa chegasse a 7% ao ano em dezembro do ano passado, o n\u00edvel mais baixo at\u00e9 ent\u00e3o.<\/p>\n<p>Em nota, o Copom indicou que parar\u00e1 de cortar os juros na pr\u00f3xima reuni\u00e3o, no fim de mar\u00e7o, caso as condi\u00e7\u00f5es econ\u00f4micas n\u00e3o mudem. O BC, no entanto, informou que a Selic poder\u00e1 ser reduzida novamente se o Congresso aprovar as reformas estruturais e a economia continuar a crescer, com infla\u00e7\u00e3o sob controle e sem choques internacionais.<\/p>\n<hr \/>\n<p>&nbsp;Fonte: Ag\u00eancia Brasil<\/p>\n","protected":false},"excerpt":{"rendered":"<p>O presidente Michel Temer comemorou mais uma queda da taxa b\u00e1sica de juros (Selic), definida hoje, 7, pelo Comit\u00ea de Pol\u00edtica Monet\u00e1ria (Copom). Desta vez, a redu\u00e7\u00e3o foi de 0,25 ponto percentual; de 7% ao ano para 6,75% ao ano. A decis\u00e3o era esperada pelos analistas financeiros. Temer afirmou que o governo criou as condi\u00e7\u00f5es [&hellip;]<\/p>\n","protected":false},"author":96,"featured_media":91439,"comment_status":"closed","ping_status":"closed","sticky":false,"template":"","format":"standard","meta":{"footnotes":""},"categories":[261],"tags":[],"class_list":["post-91440","post","type-post","status-publish","format-standard","has-post-thumbnail","hentry","category-economia"],"_links":{"self":[{"href":"https:\/\/diarioregionaldigital.com.br\/index.php?rest_route=\/wp\/v2\/posts\/91440","targetHints":{"allow":["GET"]}}],"collection":[{"href":"https:\/\/diarioregionaldigital.com.br\/index.php?rest_route=\/wp\/v2\/posts"}],"about":[{"href":"https:\/\/diarioregionaldigital.com.br\/index.php?rest_route=\/wp\/v2\/types\/post"}],"author":[{"embeddable":true,"href":"https:\/\/diarioregionaldigital.com.br\/index.php?rest_route=\/wp\/v2\/users\/96"}],"replies":[{"embeddable":true,"href":"https:\/\/diarioregionaldigital.com.br\/index.php?rest_route=%2Fwp%2Fv2%2Fcomments&post=91440"}],"version-history":[{"count":0,"href":"https:\/\/diarioregionaldigital.com.br\/index.php?rest_route=\/wp\/v2\/posts\/91440\/revisions"}],"wp:featuredmedia":[{"embeddable":true,"href":"https:\/\/diarioregionaldigital.com.br\/index.php?rest_route=\/wp\/v2\/media\/91439"}],"wp:attachment":[{"href":"https:\/\/diarioregionaldigital.com.br\/index.php?rest_route=%2Fwp%2Fv2%2Fmedia&parent=91440"}],"wp:term":[{"taxonomy":"category","embeddable":true,"href":"https:\/\/diarioregionaldigital.com.br\/index.php?rest_route=%2Fwp%2Fv2%2Fcategories&post=91440"},{"taxonomy":"post_tag","embeddable":true,"href":"https:\/\/diarioregionaldigital.com.br\/index.php?rest_route=%2Fwp%2Fv2%2Ftags&post=91440"}],"curies":[{"name":"wp","href":"https:\/\/api.w.org\/{rel}","templated":true}]}}