{"id":91438,"date":"2018-02-07T21:16:16","date_gmt":"2018-02-07T23:16:16","guid":{"rendered":"http:\/\/diarioregionaljf.com.br\/2018\/02\/07\/cni-diz-que-manutencao-de-juros-baixos-depende-de-ajuste-fiscal\/"},"modified":"2018-02-07T21:16:16","modified_gmt":"2018-02-07T23:16:16","slug":"cni-diz-que-manutencao-de-juros-baixos-depende-de-ajuste-fiscal","status":"publish","type":"post","link":"https:\/\/diarioregionaldigital.com.br\/?p=91438","title":{"rendered":"CNI diz que manuten\u00e7\u00e3o de juros baixos depende de ajuste fiscal"},"content":{"rendered":"<p>O destino da taxa Selic (juros b\u00e1sicos da economia) depende da manuten\u00e7\u00e3o do ajuste fiscal, informou a Confedera\u00e7\u00e3o Nacional da Ind\u00fastria (CNI). Em comunicado, a entidade defendeu a aprova\u00e7\u00e3o de reformas, principalmente a da Previd\u00eancia, para reequilibrar as contas p\u00fablicas e manter a taxa em 6,75% ao ano.<\/p>\n<p>\u201cA manuten\u00e7\u00e3o dos juros nesse patamar exige rigor com o ajuste fiscal. O equil\u00edbrio permanente das contas p\u00fablicas depende, sobretudo, da aprova\u00e7\u00e3o da reforma da Previd\u00eancia\u201d, destacou a CNI. Para a confedera\u00e7\u00e3o, a mudan\u00e7a no ambiente internacional, com a alta dos juros norte-americanos e a consequente diminui\u00e7\u00e3o do dinheiro em circula\u00e7\u00e3o nos mercados globais, pode limitar novas quedas na taxa Selic.<\/p>\n<p>Na avalia\u00e7\u00e3o do Servi\u00e7o de Prote\u00e7\u00e3o ao Cr\u00e9dito (SPC Brasil), a infla\u00e7\u00e3o em baixa e a lentid\u00e3o na retomada do crescimento da economia permitiram ao Banco Central reduzir mais uma vez a taxa Selic. A entidade, no entanto, adverte para a interrup\u00e7\u00e3o do ciclo de queda por causa das incertezas provocadas pelas elei\u00e7\u00f5es.<\/p>\n<p>\u201cA expectativa \u00e9 de que essa seja a \u00faltima queda deste ciclo. Novas quedas v\u00e3o depender de como v\u00e3o se comportar os indicadores de infla\u00e7\u00e3o e de atividade. E mesmo que a infla\u00e7\u00e3o permane\u00e7a sob controle, haver\u00e1 as incertezas pr\u00f3prias de um ano eleitoral\u201d, ressaltou o SPC Brasil.<\/p>\n<hr \/>\n<p>&nbsp;Fonte: Ag\u00eancia Brasil<\/p>\n","protected":false},"excerpt":{"rendered":"<p>O destino da taxa Selic (juros b\u00e1sicos da economia) depende da manuten\u00e7\u00e3o do ajuste fiscal, informou a Confedera\u00e7\u00e3o Nacional da Ind\u00fastria (CNI). Em comunicado, a entidade defendeu a aprova\u00e7\u00e3o de reformas, principalmente a da Previd\u00eancia, para reequilibrar as contas p\u00fablicas e manter a taxa em 6,75% ao ano. \u201cA manuten\u00e7\u00e3o dos juros nesse patamar exige [&hellip;]<\/p>\n","protected":false},"author":96,"featured_media":91437,"comment_status":"closed","ping_status":"closed","sticky":false,"template":"","format":"standard","meta":{"footnotes":""},"categories":[261],"tags":[],"class_list":["post-91438","post","type-post","status-publish","format-standard","has-post-thumbnail","hentry","category-economia"],"_links":{"self":[{"href":"https:\/\/diarioregionaldigital.com.br\/index.php?rest_route=\/wp\/v2\/posts\/91438","targetHints":{"allow":["GET"]}}],"collection":[{"href":"https:\/\/diarioregionaldigital.com.br\/index.php?rest_route=\/wp\/v2\/posts"}],"about":[{"href":"https:\/\/diarioregionaldigital.com.br\/index.php?rest_route=\/wp\/v2\/types\/post"}],"author":[{"embeddable":true,"href":"https:\/\/diarioregionaldigital.com.br\/index.php?rest_route=\/wp\/v2\/users\/96"}],"replies":[{"embeddable":true,"href":"https:\/\/diarioregionaldigital.com.br\/index.php?rest_route=%2Fwp%2Fv2%2Fcomments&post=91438"}],"version-history":[{"count":0,"href":"https:\/\/diarioregionaldigital.com.br\/index.php?rest_route=\/wp\/v2\/posts\/91438\/revisions"}],"wp:featuredmedia":[{"embeddable":true,"href":"https:\/\/diarioregionaldigital.com.br\/index.php?rest_route=\/wp\/v2\/media\/91437"}],"wp:attachment":[{"href":"https:\/\/diarioregionaldigital.com.br\/index.php?rest_route=%2Fwp%2Fv2%2Fmedia&parent=91438"}],"wp:term":[{"taxonomy":"category","embeddable":true,"href":"https:\/\/diarioregionaldigital.com.br\/index.php?rest_route=%2Fwp%2Fv2%2Fcategories&post=91438"},{"taxonomy":"post_tag","embeddable":true,"href":"https:\/\/diarioregionaldigital.com.br\/index.php?rest_route=%2Fwp%2Fv2%2Ftags&post=91438"}],"curies":[{"name":"wp","href":"https:\/\/api.w.org\/{rel}","templated":true}]}}