{"id":91434,"date":"2018-02-07T21:12:11","date_gmt":"2018-02-07T23:12:11","guid":{"rendered":"http:\/\/diarioregionaljf.com.br\/2018\/02\/07\/estudo-aponta-que-brasil-esta-entre-paises-com-aliquota-mais-alta-de-ir-para-empresas\/"},"modified":"2018-02-07T21:12:11","modified_gmt":"2018-02-07T23:12:11","slug":"estudo-aponta-que-brasil-esta-entre-paises-com-aliquota-mais-alta-de-ir-para-empresas","status":"publish","type":"post","link":"https:\/\/diarioregionaldigital.com.br\/?p=91434","title":{"rendered":"Estudo aponta que Brasil est\u00e1 entre pa\u00edses com al\u00edquota mais alta de IR para empresas"},"content":{"rendered":"<p>A Confedera\u00e7\u00e3o Nacional da Ind\u00fastria (CNI) divulgou nessa quarta-feira, 7, um levantamento comparando a carga tribut\u00e1ria para empresas no Brasil e em outros pa\u00edses. Segundo o estudo A evolu\u00e7\u00e3o hist\u00f3rica das al\u00edquotas de imposto de renda em diferentes pa\u00edses e as potenciais consequ\u00eancias para o Brasil, feito em parceria com a Ernest Young, o Brasil est\u00e1 distante da m\u00e9dia mundial de tributa\u00e7\u00e3o sobre a renda das empresas.<\/p>\n<p>Enquanto a m\u00e9dia do imposto sobre a renda pago por empresas nos demais pa\u00edses \u00e9 de cerca de 22,96%, a al\u00edquota no Brasil chega a 34%. O levantamento indica que, entre 2000 e 2016, a m\u00e9dia dos impostos dos pa\u00edses da Organiza\u00e7\u00e3o para a Coopera\u00e7\u00e3o e o Desenvolvimento Econ\u00f4mico (OCDE) caiu de 32% para 23,98%. J\u00e1 no Brasil manteve-se inalterada nesse per\u00edodo.<\/p>\n<p>A CNI ressaltou ainda que, recentemente, Estados Unidos e Argentina reduziram a taxa\u00e7\u00e3o para empresas em seu territ\u00f3rio. \u201cDe todos os pa\u00edses do mundo, apenas 30 t\u00eam al\u00edquotas acima de 30%. O Brasil est\u00e1 isolado. Concorrentes nossos, inclusive na atra\u00e7\u00e3o de investimentos, como Argentina, Estados Unidos, Fran\u00e7a e Jap\u00e3o, j\u00e1 reduziram suas al\u00edquotas.<\/p>\n<p>Se n\u00e3o fizermos a reforma tribut\u00e1ria com redu\u00e7\u00e3o da carga, nossas empresas que t\u00eam investimento no exterior ficar\u00e3o ainda menos competitivas\u201d, declarou o presidente da CNI, Robson Braga de Andrade.<\/p>\n<p>A entidade destacou tamb\u00e9m que as empresas brasileiras com investimentos no exterior pagam \u00e0 Receita Federal a diferen\u00e7a entre a al\u00edquota dentro e fora do pa\u00eds. Por exemplo, nos Estados Unidos, uma multinacional brasileira paga 21% de imposto sobre a renda, assim como uma empresa canadense ou chilena.<\/p>\n<p>No entanto, enquanto a tributa\u00e7\u00e3o das empresas de outras nacionalidades se encerra no solo norte-americano, a brasileira paga mais 13 pontos percentuais \u00e0 Receita para completar.<\/p>\n<hr \/>\n<p>&nbsp;Fonte: Ag\u00eancia Brasil<\/p>\n","protected":false},"excerpt":{"rendered":"<p>A Confedera\u00e7\u00e3o Nacional da Ind\u00fastria (CNI) divulgou nessa quarta-feira, 7, um levantamento comparando a carga tribut\u00e1ria para empresas no Brasil e em outros pa\u00edses. Segundo o estudo A evolu\u00e7\u00e3o hist\u00f3rica das al\u00edquotas de imposto de renda em diferentes pa\u00edses e as potenciais consequ\u00eancias para o Brasil, feito em parceria com a Ernest Young, o Brasil [&hellip;]<\/p>\n","protected":false},"author":96,"featured_media":91433,"comment_status":"closed","ping_status":"closed","sticky":false,"template":"","format":"standard","meta":{"footnotes":""},"categories":[261],"tags":[],"class_list":["post-91434","post","type-post","status-publish","format-standard","has-post-thumbnail","hentry","category-economia"],"_links":{"self":[{"href":"https:\/\/diarioregionaldigital.com.br\/index.php?rest_route=\/wp\/v2\/posts\/91434","targetHints":{"allow":["GET"]}}],"collection":[{"href":"https:\/\/diarioregionaldigital.com.br\/index.php?rest_route=\/wp\/v2\/posts"}],"about":[{"href":"https:\/\/diarioregionaldigital.com.br\/index.php?rest_route=\/wp\/v2\/types\/post"}],"author":[{"embeddable":true,"href":"https:\/\/diarioregionaldigital.com.br\/index.php?rest_route=\/wp\/v2\/users\/96"}],"replies":[{"embeddable":true,"href":"https:\/\/diarioregionaldigital.com.br\/index.php?rest_route=%2Fwp%2Fv2%2Fcomments&post=91434"}],"version-history":[{"count":0,"href":"https:\/\/diarioregionaldigital.com.br\/index.php?rest_route=\/wp\/v2\/posts\/91434\/revisions"}],"wp:featuredmedia":[{"embeddable":true,"href":"https:\/\/diarioregionaldigital.com.br\/index.php?rest_route=\/wp\/v2\/media\/91433"}],"wp:attachment":[{"href":"https:\/\/diarioregionaldigital.com.br\/index.php?rest_route=%2Fwp%2Fv2%2Fmedia&parent=91434"}],"wp:term":[{"taxonomy":"category","embeddable":true,"href":"https:\/\/diarioregionaldigital.com.br\/index.php?rest_route=%2Fwp%2Fv2%2Fcategories&post=91434"},{"taxonomy":"post_tag","embeddable":true,"href":"https:\/\/diarioregionaldigital.com.br\/index.php?rest_route=%2Fwp%2Fv2%2Ftags&post=91434"}],"curies":[{"name":"wp","href":"https:\/\/api.w.org\/{rel}","templated":true}]}}