{"id":91432,"date":"2018-02-07T20:49:46","date_gmt":"2018-02-07T22:49:46","guid":{"rendered":"http:\/\/diarioregionaljf.com.br\/2018\/02\/07\/acidentes-em-linha-ferrea-tiveram-aumento-de-10-em-2017\/"},"modified":"2018-02-07T20:49:46","modified_gmt":"2018-02-07T22:49:46","slug":"acidentes-em-linha-ferrea-tiveram-aumento-de-10-em-2017","status":"publish","type":"post","link":"https:\/\/diarioregionaldigital.com.br\/?p=91432","title":{"rendered":"Acidentes em linha f\u00e9rrea tiveram aumento de 10% em 2017"},"content":{"rendered":"<p>Balan\u00e7o divulgado pela MRS Log\u00edstica aponta aumento de cerca de 10% no n\u00famero de atropelamentos ou abalroamentos registrados por toda a malha ferrovi\u00e1ria de responsabilidade da concession\u00e1ria, em 2017, no comparativo com 2016. Conforme os dados, foram registrados 103 incidentes no ano passado, enquanto o ano anterior teve 93 ocorr\u00eancias. As informa\u00e7\u00f5es levam em conta os 105 munic\u00edpios nos quais a empresa est\u00e1 presente, nos estados de S\u00e3o Paulo, Rio de Janeiro e Minas Gerais.<\/p>\n<p>Em Juiz de Fora, especificamente, as estat\u00edsticas mostram aumento de mais de 36% no n\u00famero de acidentes se comparado a 2016. Foram 15 registros em 2017, contra 11 no ano anterior. Na avalia\u00e7\u00e3o do gerente geral de Comunica\u00e7\u00e3o da institui\u00e7\u00e3o, Marcelo Kanhan, o resultado est\u00e1 relacionado diretamente com o comportamento da popula\u00e7\u00e3o. \u201cA gente n\u00e3o deixa de encarar esse n\u00famero com certa tristeza. Juiz de Fora \u00e9 uma cidade ferrovi\u00e1ria e, acima de tudo, quando olhamos para a din\u00e2mica dos acidentes, percebemos que eles poderiam ser evitados. S\u00f3 vamos conseguir avan\u00e7ar nos n\u00fameros quando as pessoas tiverem consci\u00eancia que alguns riscos s\u00e3o desnecess\u00e1rios\u201d, afirma.<\/p>\n<p>Kanhan explica que a \u201cm\u00e1 avalia\u00e7\u00e3o dos riscos\u201d \u00e9 o fator respons\u00e1vel pela triste estat\u00edstica. \u201cTemos o primeiro grande grupo: o da imprud\u00eancia, que s\u00e3o situa\u00e7\u00f5es que, voluntariamente, a pessoa coloca sua vida em risco. Ela sabe que o trem est\u00e1 vindo, mas, por impaci\u00eancia, pressa, ou algum motivo comportamental, se submete aos perigos. O segundo bloco \u00e9 o da desaten\u00e7\u00e3o: o uso de fones de ouvido ou smartphone, caminhando nas proximidades da passagem em n\u00edvel ou dentro do ve\u00edculo. E, por \u00faltimo, o uso de \u00e1lcool e drogas\u201d, explica.<\/p>\n<h4>&nbsp;<\/h4>\n<h4>CARNAVAL E ATEN\u00c7\u00c3O PRECISAM ESTAR LIGADOS<\/h4>\n<p>Em \u00e9poca de Carnaval, o gerente ressalta que o \u00e1lcool \u00e9 o principal causador de acidentes. \u201cA presen\u00e7a do elemento \u00e1lcool nos acidentes \u00e9 muito grande. \u00c9 uma quest\u00e3o dif\u00edcil de combater, mas percebemos que essas pessoas se envolvem mais em trag\u00e9dias. O Carnaval \u00e9 per\u00edodo de consumo de \u00e1lcool, brincadeiras, e em alguns cantos da cidade, a festa tem o encontro com a malha ferrovi\u00e1ria. Por isso, \u00e9 interessante evitar os exageros e ficar atento \u00e0 chegada do trem\u201d, refor\u00e7a. \u201cA MRS tem uma presen\u00e7a de engajamento direito com a comunidade. Temos a\u00e7\u00f5es em escolas, nas pr\u00f3prias passagens em n\u00edvel. Ano passado, atingimos quase 80 mil pessoas por toda a malha\u201d, acrescenta Kanhan.<\/p>\n<p>&nbsp;<\/p>\n<h4>PROJETO LINHA DA VIDA<\/h4>\n<p>Com o projeto &#8220;Linha da Vida&#8221;, a MRS re\u00fane \u00f3rg\u00e3os e pessoas interessadas em promover a maior harmonia no tr\u00e2nsito, em a\u00e7\u00f5es que pretendem diminuir os riscos de acidentes. No site www.linhadavida.org, a empresa elenca a miss\u00e3o da iniciativa, as causas de fatalidades no tr\u00e2nsito e orienta\u00e7\u00f5es gerais para a popula\u00e7\u00e3o. A iniciativa \u00e9 o principal canal da empresa na difus\u00e3o das informa\u00e7\u00f5es e conscientiza\u00e7\u00e3o sobre os acidentes ferrovi\u00e1rios.<\/p>\n<p>Qualquer pessoa pode entrar em contato com a entidade e solicitar uma conversa. O principal canal de relacionamento \u00e9 o Facebook do projeto: Facebook.com\/projetolinhadavida ou a p\u00e1gina da MRS <a href=\"http:\/\/www.facebook.com\/MRSLogistica\/\">www.facebook.com\/MRSLogistica\/<\/a>.<\/p>\n<p>&nbsp;<\/p>\n","protected":false},"excerpt":{"rendered":"<p>Balan\u00e7o divulgado pela MRS Log\u00edstica aponta aumento de cerca de 10% no n\u00famero de atropelamentos ou abalroamentos registrados por toda a malha ferrovi\u00e1ria de responsabilidade da concession\u00e1ria, em 2017, no comparativo com 2016. Conforme os dados, foram registrados 103 incidentes no ano passado, enquanto o ano anterior teve 93 ocorr\u00eancias. As informa\u00e7\u00f5es levam em conta [&hellip;]<\/p>\n","protected":false},"author":96,"featured_media":91431,"comment_status":"closed","ping_status":"closed","sticky":false,"template":"","format":"standard","meta":{"footnotes":""},"categories":[253],"tags":[],"class_list":["post-91432","post","type-post","status-publish","format-standard","has-post-thumbnail","hentry","category-cidade"],"_links":{"self":[{"href":"https:\/\/diarioregionaldigital.com.br\/index.php?rest_route=\/wp\/v2\/posts\/91432","targetHints":{"allow":["GET"]}}],"collection":[{"href":"https:\/\/diarioregionaldigital.com.br\/index.php?rest_route=\/wp\/v2\/posts"}],"about":[{"href":"https:\/\/diarioregionaldigital.com.br\/index.php?rest_route=\/wp\/v2\/types\/post"}],"author":[{"embeddable":true,"href":"https:\/\/diarioregionaldigital.com.br\/index.php?rest_route=\/wp\/v2\/users\/96"}],"replies":[{"embeddable":true,"href":"https:\/\/diarioregionaldigital.com.br\/index.php?rest_route=%2Fwp%2Fv2%2Fcomments&post=91432"}],"version-history":[{"count":0,"href":"https:\/\/diarioregionaldigital.com.br\/index.php?rest_route=\/wp\/v2\/posts\/91432\/revisions"}],"wp:featuredmedia":[{"embeddable":true,"href":"https:\/\/diarioregionaldigital.com.br\/index.php?rest_route=\/wp\/v2\/media\/91431"}],"wp:attachment":[{"href":"https:\/\/diarioregionaldigital.com.br\/index.php?rest_route=%2Fwp%2Fv2%2Fmedia&parent=91432"}],"wp:term":[{"taxonomy":"category","embeddable":true,"href":"https:\/\/diarioregionaldigital.com.br\/index.php?rest_route=%2Fwp%2Fv2%2Fcategories&post=91432"},{"taxonomy":"post_tag","embeddable":true,"href":"https:\/\/diarioregionaldigital.com.br\/index.php?rest_route=%2Fwp%2Fv2%2Ftags&post=91432"}],"curies":[{"name":"wp","href":"https:\/\/api.w.org\/{rel}","templated":true}]}}