{"id":91430,"date":"2018-02-07T20:48:21","date_gmt":"2018-02-07T22:48:21","guid":{"rendered":"http:\/\/diarioregionaljf.com.br\/2018\/02\/07\/conselho-central-diocesano-lanca-campanha-pascoa-solidaria\/"},"modified":"2018-02-07T20:48:21","modified_gmt":"2018-02-07T22:48:21","slug":"conselho-central-diocesano-lanca-campanha-pascoa-solidaria","status":"publish","type":"post","link":"https:\/\/diarioregionaldigital.com.br\/?p=91430","title":{"rendered":"Conselho Central Diocesano lan\u00e7a campanha \u201cP\u00e1scoa Solid\u00e1ria\u201d"},"content":{"rendered":"<p>O Conselho Central Diocesano da Sociedade de S\u00e3o Vicente de Paulo est\u00e1 realizando a primeira edi\u00e7\u00e3o da campanha \u201cP\u00e1scoa Solid\u00e1ria\u201d, que visa entregar ovos de chocolate as crian\u00e7as das fam\u00edlias assistidas pela institui\u00e7\u00e3o.<\/p>\n<p>\u201cN\u00f3s estamos pedindo \u00e0s pessoas que doem barras de chocolate de 1kg, de qualquer marca e de prefer\u00eancia ao leite, para que a gente possa confeccionar esse ovos de P\u00e1scoa\u201d, disse Ane Elyse Fernandes, coordenadora do Departamento de Comunica\u00e7\u00e3o do Conselho. \u201cNossa meta \u00e9 confeccionar 500 ovos para distribuir para cerca de 150 fam\u00edlias cadastradas e atendidas pelas nossas confer\u00eancias ao longo do ano\u201d, acrescentou.<\/p>\n<p>Os interessados podem realizar a doa\u00e7\u00e3o at\u00e9 o dia 9 de mar\u00e7o na Casa de S\u00e3o Vicente, localizada na Rua S\u00e3o Sebasti\u00e3o, n\u00ba 412, no Centro. Outros pontos de coleta ainda ser\u00e3o divulgados pela entidade.<\/p>\n<p>\u201cA gente percebe que as crian\u00e7as sentem falta de alguma atividade voltada para celebrar a P\u00e1scoa e este \u00e9 um per\u00edodo que n\u00f3s celebramos o amor e a solidariedade. Por isso, promover uma a\u00e7\u00e3o dessa, entregar a essas crian\u00e7as algo t\u00e3o simb\u00f3lico, n\u00e3o s\u00f3 para o catolicismo, \u00e9 imprescind\u00edvel, porque talvez elas n\u00e3o teriam acesso de outra forma\u201d, ressaltou Ane Elyse sobre o mote da campanha.<\/p>\n<p>Se voc\u00ea quiser acompanhar a campanha e outras a\u00e7\u00f5es do Conselho Central Diocesano, basta acompanhar a p\u00e1gina da institui\u00e7\u00e3o no Facebook: https:\/\/www.facebook.com\/CCDiocesano.<\/p>\n","protected":false},"excerpt":{"rendered":"<p>O Conselho Central Diocesano da Sociedade de S\u00e3o Vicente de Paulo est\u00e1 realizando a primeira edi\u00e7\u00e3o da campanha \u201cP\u00e1scoa Solid\u00e1ria\u201d, que visa entregar ovos de chocolate as crian\u00e7as das fam\u00edlias assistidas pela institui\u00e7\u00e3o. \u201cN\u00f3s estamos pedindo \u00e0s pessoas que doem barras de chocolate de 1kg, de qualquer marca e de prefer\u00eancia ao leite, para que [&hellip;]<\/p>\n","protected":false},"author":96,"featured_media":91429,"comment_status":"closed","ping_status":"closed","sticky":false,"template":"","format":"standard","meta":{"footnotes":""},"categories":[253],"tags":[],"class_list":["post-91430","post","type-post","status-publish","format-standard","has-post-thumbnail","hentry","category-cidade"],"_links":{"self":[{"href":"https:\/\/diarioregionaldigital.com.br\/index.php?rest_route=\/wp\/v2\/posts\/91430","targetHints":{"allow":["GET"]}}],"collection":[{"href":"https:\/\/diarioregionaldigital.com.br\/index.php?rest_route=\/wp\/v2\/posts"}],"about":[{"href":"https:\/\/diarioregionaldigital.com.br\/index.php?rest_route=\/wp\/v2\/types\/post"}],"author":[{"embeddable":true,"href":"https:\/\/diarioregionaldigital.com.br\/index.php?rest_route=\/wp\/v2\/users\/96"}],"replies":[{"embeddable":true,"href":"https:\/\/diarioregionaldigital.com.br\/index.php?rest_route=%2Fwp%2Fv2%2Fcomments&post=91430"}],"version-history":[{"count":0,"href":"https:\/\/diarioregionaldigital.com.br\/index.php?rest_route=\/wp\/v2\/posts\/91430\/revisions"}],"wp:featuredmedia":[{"embeddable":true,"href":"https:\/\/diarioregionaldigital.com.br\/index.php?rest_route=\/wp\/v2\/media\/91429"}],"wp:attachment":[{"href":"https:\/\/diarioregionaldigital.com.br\/index.php?rest_route=%2Fwp%2Fv2%2Fmedia&parent=91430"}],"wp:term":[{"taxonomy":"category","embeddable":true,"href":"https:\/\/diarioregionaldigital.com.br\/index.php?rest_route=%2Fwp%2Fv2%2Fcategories&post=91430"},{"taxonomy":"post_tag","embeddable":true,"href":"https:\/\/diarioregionaldigital.com.br\/index.php?rest_route=%2Fwp%2Fv2%2Ftags&post=91430"}],"curies":[{"name":"wp","href":"https:\/\/api.w.org\/{rel}","templated":true}]}}