{"id":91428,"date":"2018-02-07T19:45:05","date_gmt":"2018-02-07T21:45:05","guid":{"rendered":"http:\/\/diarioregionaljf.com.br\/2018\/02\/07\/delegada-alerta-os-pais-sobre-importancia-de-contratar-o-transporte-escolar-regularizado\/"},"modified":"2018-02-07T19:45:05","modified_gmt":"2018-02-07T21:45:05","slug":"delegada-alerta-os-pais-sobre-importancia-de-contratar-o-transporte-escolar-regularizado","status":"publish","type":"post","link":"https:\/\/diarioregionaldigital.com.br\/?p=91428","title":{"rendered":"Delegada alerta os pais sobre import\u00e2ncia de contratar o transporte escolar regularizado"},"content":{"rendered":"<p>Levar e buscar os filhos na escola: essa \u00e9 uma tarefa que nem sempre os pais conseguem conciliar com sua rotina. \u00c9 a\u00ed que surge o servi\u00e7o de transporte escolar, que, na teoria, prev\u00ea o deslocamento das crian\u00e7as de casa at\u00e9 o col\u00e9gio com seguran\u00e7a. Entretanto, na pr\u00e1tica, o trajeto pode n\u00e3o ser conclu\u00eddo dessa forma, o que refor\u00e7a a necessidade de os respons\u00e1veis ficarem atentos \u00e0 regularidade dos transportadores junto \u00e0 Secretaria de Transporte e Tr\u00e2nsito (Settra) da Prefeitura de Juiz de Fora (PJF).<\/p>\n<p>Para isso, a Settra, anualmente, submete os condutores \u00e0 vistoria. Durante a inspe\u00e7\u00e3o, que ocorre uma vez a cada seis meses, s\u00e3o verificados itens como a programa\u00e7\u00e3o visual, o estado da lataria, pneus, sistema de dire\u00e7\u00e3o, escapamento, amortecedores, sistema el\u00e9trico, equipamentos obrigat\u00f3rios, como extintor, tri\u00e2ngulo, cinto de seguran\u00e7a, limitador de janela, GPS, entre outros. A an\u00e1lise das condi\u00e7\u00f5es internas do ve\u00edculo inclui elementos como trava de seguran\u00e7a na porta, estofamento, limpeza, condi\u00e7\u00e3o e exist\u00eancia de lixeira e tac\u00f3grafo, que deve estar lacrado. No site da Prefeitura tamb\u00e9m \u00e9 poss\u00edvel conferir os ve\u00edculos vistoriados e aprovados.<\/p>\n<p>Mesmo com todos os cuidados, os pais precisam estar em alerta. \u201cEles precisam checar se as vans est\u00e3o com a credencial da Settra, a documenta\u00e7\u00e3o em dia, e se os condutores possuem autoriza\u00e7\u00e3o para circular como transporte escolar. Infelizmente, cada vez mais temos presenciado o transporte clandestino na cidade. Ele tem o custo mais baixo, por\u00e9m, ao mesmo tempo, coloca a vida das crian\u00e7as em risco\u201d, afirma a delegada de Tr\u00e2nsito Sheila Oliveira.<\/p>\n<p>Sheila ressalta a import\u00e2ncia de os pais conversarem com os filhos para saber como o transportador atua. \u201cApesar de as crian\u00e7as receberem, na escola, educa\u00e7\u00e3o voltada para a\u00e7\u00f5es no tr\u00e2nsito, os respons\u00e1veis devem ensin\u00e1-las a se comportarem no tr\u00e2nsito, a respeitarem os sinais, sem\u00e1foros, pois \u00e9 atrav\u00e9s dessa a\u00e7\u00e3o que a crian\u00e7a conseguir\u00e1 descrever se o motorista da van respeita a velocidade, sinaliza\u00e7\u00e3o e as normas de seguran\u00e7a\u201d, frisa.<\/p>\n<p>&nbsp;<\/p>\n<h4>RESOLU\u00c7\u00c3O DO CONTRAN GERA D\u00daVIDAS<\/h4>\n<p>Na manh\u00e3 de ter\u00e7a-feira, 6, um leitor do Di\u00e1rio Regional entrou em contato com a reportagem questionando a Settra sobre o cumprimento da Resolu\u00e7\u00e3o do Conselho Nacional de Tr\u00e2nsito (Contran) N\u00b0 504 de 29 de outubro de 2014, que disp\u00f5e sobre a utiliza\u00e7\u00e3o obrigat\u00f3ria de espelhos retrovisores, equipamento do tipo c\u00e2mera-monitor ou outro dispositivo equivalente, a ser instalado nos ve\u00edculos destinados ao transporte coletivo de escolares. \u201cSe \u00e9 uma norma federal, qual o motivo de ela ainda n\u00e3o estar em vigor na cidade? Esse \u00e9 um m\u00e9todo de seguran\u00e7a que auxiliaria no embarque e desembarque das crian\u00e7as\u201d, indagou o leitor, que preferiu n\u00e3o se identificar.<\/p>\n<p>Em nota, a pasta informou que \u201cem rela\u00e7\u00e3o aos equipamentos listados pela resolu\u00e7\u00e3o do Contran, a Settra est\u00e1 em contato com outros \u00f3rg\u00e3os de tr\u00e2nsito do estado com intuito de estabelecer um padr\u00e3o pr\u00e1tico e claro de cumprimento do documento. Uma vez que v\u00e1rias d\u00favidas foram levantadas em rela\u00e7\u00e3o \u00e0 resolu\u00e7\u00e3o&#8221;. No que diz respeito \u00e0 vistoria dos ve\u00edculos, a Secretaria informou que a mesma segue &#8220;at\u00e9 o dia 9 de fevereiro e as pend\u00eancias ser\u00e3o verificadas de 19 a 20\u201d.<\/p>\n<p>&nbsp;<\/p>\n<h4>DEN\u00daNCIA<\/h4>\n<p>A popula\u00e7\u00e3o tamb\u00e9m pode ajudar na fiscaliza\u00e7\u00e3o, quando verificar algum ve\u00edculo efetuando o transporte de forma irregular. O contato \u00e9 pelo telefone 3690-8218 ou pelo endere\u00e7o eletr\u00f4nico settraatende@pjf.mg.gov.br. \u00c9 importante informar o hor\u00e1rio, dia e a placa do ve\u00edculo.<\/p>\n","protected":false},"excerpt":{"rendered":"<p>Levar e buscar os filhos na escola: essa \u00e9 uma tarefa que nem sempre os pais conseguem conciliar com sua rotina. \u00c9 a\u00ed que surge o servi\u00e7o de transporte escolar, que, na teoria, prev\u00ea o deslocamento das crian\u00e7as de casa at\u00e9 o col\u00e9gio com seguran\u00e7a. Entretanto, na pr\u00e1tica, o trajeto pode n\u00e3o ser conclu\u00eddo dessa [&hellip;]<\/p>\n","protected":false},"author":96,"featured_media":91427,"comment_status":"closed","ping_status":"closed","sticky":false,"template":"","format":"standard","meta":{"footnotes":""},"categories":[253],"tags":[],"class_list":["post-91428","post","type-post","status-publish","format-standard","has-post-thumbnail","hentry","category-cidade"],"_links":{"self":[{"href":"https:\/\/diarioregionaldigital.com.br\/index.php?rest_route=\/wp\/v2\/posts\/91428","targetHints":{"allow":["GET"]}}],"collection":[{"href":"https:\/\/diarioregionaldigital.com.br\/index.php?rest_route=\/wp\/v2\/posts"}],"about":[{"href":"https:\/\/diarioregionaldigital.com.br\/index.php?rest_route=\/wp\/v2\/types\/post"}],"author":[{"embeddable":true,"href":"https:\/\/diarioregionaldigital.com.br\/index.php?rest_route=\/wp\/v2\/users\/96"}],"replies":[{"embeddable":true,"href":"https:\/\/diarioregionaldigital.com.br\/index.php?rest_route=%2Fwp%2Fv2%2Fcomments&post=91428"}],"version-history":[{"count":0,"href":"https:\/\/diarioregionaldigital.com.br\/index.php?rest_route=\/wp\/v2\/posts\/91428\/revisions"}],"wp:featuredmedia":[{"embeddable":true,"href":"https:\/\/diarioregionaldigital.com.br\/index.php?rest_route=\/wp\/v2\/media\/91427"}],"wp:attachment":[{"href":"https:\/\/diarioregionaldigital.com.br\/index.php?rest_route=%2Fwp%2Fv2%2Fmedia&parent=91428"}],"wp:term":[{"taxonomy":"category","embeddable":true,"href":"https:\/\/diarioregionaldigital.com.br\/index.php?rest_route=%2Fwp%2Fv2%2Fcategories&post=91428"},{"taxonomy":"post_tag","embeddable":true,"href":"https:\/\/diarioregionaldigital.com.br\/index.php?rest_route=%2Fwp%2Fv2%2Ftags&post=91428"}],"curies":[{"name":"wp","href":"https:\/\/api.w.org\/{rel}","templated":true}]}}