{"id":91424,"date":"2018-02-07T19:21:45","date_gmt":"2018-02-07T21:21:45","guid":{"rendered":"http:\/\/diarioregionaljf.com.br\/2018\/02\/07\/levantamento-da-settra-aponta-queda-no-numero-de-acidentes-de-transito-em-juiz-de-fora\/"},"modified":"2018-02-07T19:21:45","modified_gmt":"2018-02-07T21:21:45","slug":"levantamento-da-settra-aponta-queda-no-numero-de-acidentes-de-transito-em-juiz-de-fora","status":"publish","type":"post","link":"https:\/\/diarioregionaldigital.com.br\/?p=91424","title":{"rendered":"Levantamento da Settra aponta queda no n\u00famero de acidentes de tr\u00e2nsito em Juiz de Fora"},"content":{"rendered":"<p>Levantamento realizado pela Secretaria de Transporte e Tr\u00e2nsito (Settra) da Prefeitura de Juiz de Fora (PJF) mostra queda de 180 acidentes de tr\u00e2nsito em 2017, em rela\u00e7\u00e3o a 2016. As informa\u00e7\u00f5es t\u00eam como base os dados repassados pela Pol\u00edcia Militar (PM). No ano passado foram registradas 7.599 ocorr\u00eancias, e no anterior, 7.779. Considerando o n\u00famero de v\u00edtimas destes acidentes, a diminui\u00e7\u00e3o foi ainda maior, 492 &#8211; em 2016 foram 1.908, e em 2017, 1.416. O n\u00famero de \u00f3bitos caiu de 22 para 13; feridos graves, 91 para 67, e leves, 508 para 342. O gr\u00e1fico com as informa\u00e7\u00f5es pode ser conferido <a href=\"https:\/\/www.pjf.mg.gov.br\/noticias\/anexo\/grafico%20settra.pdf\" target=\"_blank\" rel=\"noopener noreferrer\">aqui<\/a>.<\/p>\n<p>O choque entre ve\u00edculos foi o principal tipo de ocorr\u00eancia registrado (3.011), seguindo abalroamento com colis\u00f5es lateral (2.074), frontal e traseira (1.378), atropelamento de pessoa (368) e outros (768). Em 2017 houve tamb\u00e9m queda no n\u00famero de autua\u00e7\u00f5es: 13% em compara\u00e7\u00e3o a 2016. Levando-se em conta apenas as infra\u00e7\u00f5es de radares, a queda foi de 20%.<\/p>\n<p>\u201cEstes dados s\u00e3o positivos, principalmente dentro de nossas a\u00e7\u00f5es, de sempre dar maior valor \u00e0 vida. E assim, continuamos o trabalho, na perspectiva de diminuir ainda mais o n\u00famero de acidentes. Sendo que o ideal \u00e9 que n\u00e3o tenhamos mortes\u201d, destacou o secret\u00e1rio de Transporte e Tr\u00e2nsito, Rodrigo Tortoriello. Ele lembrou ainda que os trabalhos de educa\u00e7\u00e3o para o tr\u00e2nsito e a amplia\u00e7\u00e3o da fiscaliza\u00e7\u00e3o, com aux\u00edlio de equipamentos eletr\u00f4nicos, contribuem para estas quedas.<\/p>\n<p>Rodrigo refor\u00e7ou tamb\u00e9m que, com o Carnaval, as pessoas devem redobrar a aten\u00e7\u00e3o para o respeito \u00e0s leis de tr\u00e2nsito, garantindo uma festa segura.<\/p>\n<h4>&nbsp;<\/h4>\n<h4>EDUCA\u00c7\u00c3O NO TR\u00c2NSITO E FISCALIZA\u00c7\u00c3O<\/h4>\n<p>A Settra mant\u00e9m durante todo o ano o trabalho de educa\u00e7\u00e3o para o tr\u00e2nsito. Nestas atividades, agentes do Departamento de Fiscaliza\u00e7\u00e3o realizam palestras, abordando temas relacionados ao respeito \u00e0s leis e tr\u00e2nsito seguro. As solicita\u00e7\u00f5es para os encontros podem ser feitas pelo telefone 3690-8235.<\/p>\n<p>Em casos de flagrantes de infra\u00e7\u00f5es no tr\u00e2nsito, a equipe de agentes de fiscaliza\u00e7\u00e3o pode ser acionada atrav\u00e9s do 3690-7400.<\/p>\n<p>&nbsp;<\/p>\n<p>Fonte: Assessoria<\/p>\n","protected":false},"excerpt":{"rendered":"<p>Levantamento realizado pela Secretaria de Transporte e Tr\u00e2nsito (Settra) da Prefeitura de Juiz de Fora (PJF) mostra queda de 180 acidentes de tr\u00e2nsito em 2017, em rela\u00e7\u00e3o a 2016. As informa\u00e7\u00f5es t\u00eam como base os dados repassados pela Pol\u00edcia Militar (PM). No ano passado foram registradas 7.599 ocorr\u00eancias, e no anterior, 7.779. Considerando o n\u00famero [&hellip;]<\/p>\n","protected":false},"author":96,"featured_media":91423,"comment_status":"closed","ping_status":"closed","sticky":false,"template":"","format":"standard","meta":{"footnotes":""},"categories":[253],"tags":[],"class_list":["post-91424","post","type-post","status-publish","format-standard","has-post-thumbnail","hentry","category-cidade"],"_links":{"self":[{"href":"https:\/\/diarioregionaldigital.com.br\/index.php?rest_route=\/wp\/v2\/posts\/91424","targetHints":{"allow":["GET"]}}],"collection":[{"href":"https:\/\/diarioregionaldigital.com.br\/index.php?rest_route=\/wp\/v2\/posts"}],"about":[{"href":"https:\/\/diarioregionaldigital.com.br\/index.php?rest_route=\/wp\/v2\/types\/post"}],"author":[{"embeddable":true,"href":"https:\/\/diarioregionaldigital.com.br\/index.php?rest_route=\/wp\/v2\/users\/96"}],"replies":[{"embeddable":true,"href":"https:\/\/diarioregionaldigital.com.br\/index.php?rest_route=%2Fwp%2Fv2%2Fcomments&post=91424"}],"version-history":[{"count":0,"href":"https:\/\/diarioregionaldigital.com.br\/index.php?rest_route=\/wp\/v2\/posts\/91424\/revisions"}],"wp:featuredmedia":[{"embeddable":true,"href":"https:\/\/diarioregionaldigital.com.br\/index.php?rest_route=\/wp\/v2\/media\/91423"}],"wp:attachment":[{"href":"https:\/\/diarioregionaldigital.com.br\/index.php?rest_route=%2Fwp%2Fv2%2Fmedia&parent=91424"}],"wp:term":[{"taxonomy":"category","embeddable":true,"href":"https:\/\/diarioregionaldigital.com.br\/index.php?rest_route=%2Fwp%2Fv2%2Fcategories&post=91424"},{"taxonomy":"post_tag","embeddable":true,"href":"https:\/\/diarioregionaldigital.com.br\/index.php?rest_route=%2Fwp%2Fv2%2Ftags&post=91424"}],"curies":[{"name":"wp","href":"https:\/\/api.w.org\/{rel}","templated":true}]}}