{"id":91420,"date":"2018-02-07T18:49:28","date_gmt":"2018-02-07T20:49:28","guid":{"rendered":"http:\/\/diarioregionaljf.com.br\/2018\/02\/07\/projeto-limita-aumento-de-combustivel-a-variacao-da-inflacao\/"},"modified":"2018-02-07T18:49:28","modified_gmt":"2018-02-07T20:49:28","slug":"projeto-limita-aumento-de-combustivel-a-variacao-da-inflacao","status":"publish","type":"post","link":"https:\/\/diarioregionaldigital.com.br\/?p=91420","title":{"rendered":"Projeto limita aumento de combust\u00edvel \u00e0 varia\u00e7\u00e3o da infla\u00e7\u00e3o"},"content":{"rendered":"<p>O Projeto de Lei 9187\/17, em an\u00e1lise na C\u00e2mara dos Deputados, limita os reajustes dos combust\u00edveis \u00e0 varia\u00e7\u00e3o da infla\u00e7\u00e3o medida pelo \u00cdndice Nacional de Pre\u00e7os ao Consumidor Amplo (IPCA). A proposta \u00e9 do deputado Marco Maia (PT-RS).<\/p>\n<p>O texto determina ainda que os reajustes de pre\u00e7os poder\u00e3o ser feitos de forma mensal ou anual, desde que respeitado esse limite. Maia criticou as novas regras de reajustes de pre\u00e7os adotadas pela Petrobras, que prev\u00ea reajustes com frequ\u00eancia di\u00e1ria e sem limites.<\/p>\n<p>\u201cEsses reajustes frequentes, se n\u00e3o afetam a sa\u00fade financeira da Petrobras, afetam negativamente o bom desenvolvimento econ\u00f4mico do Pa\u00eds, for\u00e7ando a uma redu\u00e7\u00e3o de consumo de combust\u00edveis que reduzem a atividade econ\u00f4mica, alimentam o desemprego e, numa espiral recessiva, prejudicam a todos os cidad\u00e3os\u201d, diz o autor.<\/p>\n<h4>&nbsp;<\/h4>\n<h4>TRAMITA\u00c7\u00c3O<\/h4>\n<p>O projeto ser\u00e1 analisado conclusivamente pelas comiss\u00f5es de Desenvolvimento Econ\u00f4mico, Ind\u00fastria, Com\u00e9rcio e Servi\u00e7os; de Minas e Energia; e de Constitui\u00e7\u00e3o e Justi\u00e7a e de Cidadania.<\/p>\n<p>Fonte: Ag\u00eancia C\u00e2mara Not\u00edcias<\/p>\n","protected":false},"excerpt":{"rendered":"<p>O Projeto de Lei 9187\/17, em an\u00e1lise na C\u00e2mara dos Deputados, limita os reajustes dos combust\u00edveis \u00e0 varia\u00e7\u00e3o da infla\u00e7\u00e3o medida pelo \u00cdndice Nacional de Pre\u00e7os ao Consumidor Amplo (IPCA). A proposta \u00e9 do deputado Marco Maia (PT-RS). O texto determina ainda que os reajustes de pre\u00e7os poder\u00e3o ser feitos de forma mensal ou anual, [&hellip;]<\/p>\n","protected":false},"author":96,"featured_media":91419,"comment_status":"closed","ping_status":"closed","sticky":false,"template":"","format":"standard","meta":{"footnotes":""},"categories":[254],"tags":[],"class_list":["post-91420","post","type-post","status-publish","format-standard","has-post-thumbnail","hentry","category-politica"],"_links":{"self":[{"href":"https:\/\/diarioregionaldigital.com.br\/index.php?rest_route=\/wp\/v2\/posts\/91420","targetHints":{"allow":["GET"]}}],"collection":[{"href":"https:\/\/diarioregionaldigital.com.br\/index.php?rest_route=\/wp\/v2\/posts"}],"about":[{"href":"https:\/\/diarioregionaldigital.com.br\/index.php?rest_route=\/wp\/v2\/types\/post"}],"author":[{"embeddable":true,"href":"https:\/\/diarioregionaldigital.com.br\/index.php?rest_route=\/wp\/v2\/users\/96"}],"replies":[{"embeddable":true,"href":"https:\/\/diarioregionaldigital.com.br\/index.php?rest_route=%2Fwp%2Fv2%2Fcomments&post=91420"}],"version-history":[{"count":0,"href":"https:\/\/diarioregionaldigital.com.br\/index.php?rest_route=\/wp\/v2\/posts\/91420\/revisions"}],"wp:featuredmedia":[{"embeddable":true,"href":"https:\/\/diarioregionaldigital.com.br\/index.php?rest_route=\/wp\/v2\/media\/91419"}],"wp:attachment":[{"href":"https:\/\/diarioregionaldigital.com.br\/index.php?rest_route=%2Fwp%2Fv2%2Fmedia&parent=91420"}],"wp:term":[{"taxonomy":"category","embeddable":true,"href":"https:\/\/diarioregionaldigital.com.br\/index.php?rest_route=%2Fwp%2Fv2%2Fcategories&post=91420"},{"taxonomy":"post_tag","embeddable":true,"href":"https:\/\/diarioregionaldigital.com.br\/index.php?rest_route=%2Fwp%2Fv2%2Ftags&post=91420"}],"curies":[{"name":"wp","href":"https:\/\/api.w.org\/{rel}","templated":true}]}}