{"id":91418,"date":"2018-02-07T18:43:19","date_gmt":"2018-02-07T20:43:19","guid":{"rendered":"http:\/\/diarioregionaljf.com.br\/2018\/02\/07\/pjf-abre-inscricao-para-contratacao-de-medico\/"},"modified":"2018-02-07T18:43:19","modified_gmt":"2018-02-07T20:43:19","slug":"pjf-abre-inscricao-para-contratacao-de-medico","status":"publish","type":"post","link":"https:\/\/diarioregionaldigital.com.br\/?p=91418","title":{"rendered":"PJF abre inscri\u00e7\u00e3o para contrata\u00e7\u00e3o de m\u00e9dico"},"content":{"rendered":"<p>A Prefeitura de Juiz de Fora (PJF), atrav\u00e9s da Secretaria de Administra\u00e7\u00e3o e Recursos Humanos (SARH), abriu inscri\u00e7\u00f5es no processo seletivo de contrata\u00e7\u00e3o tempor\u00e1ria de m\u00e9dico I, para atua\u00e7\u00e3o cl\u00ednica, nas \u00e1reas de cardiologia infantil, homeopatia, urologia e cl\u00ednico geral (Edital n\u00ba 351-SARH). Os interessados devem realizar suas inscri\u00e7\u00f5es exclusivamente pela internet, atrav\u00e9s do site oficial da PJF, das 8h \u00e0s 18h, at\u00e9 dia 16. Para participar \u00e9 necess\u00e1rio curso superior em medicina e registro no conselho regional. A jornada e a remunera\u00e7\u00e3o podem variar, conforme lota\u00e7\u00e3o e forma de presta\u00e7\u00e3o da jornada de trabalho.<\/p>\n<p>Os t\u00edtulos para valida\u00e7\u00e3o das informa\u00e7\u00f5es prestadas na inscri\u00e7\u00e3o de cada edital dever\u00e3o ser entregues no audit\u00f3rio do pr\u00e9dio-sede da PJF, Avenida Brasil, n\u00ba 2.001, 1\u00ba andar, no dia 19 ou 20, das 8h30 \u00e0s 11h30 ou das 14h30 \u00e0s 17h30. A documenta\u00e7\u00e3o, junto \u00e0 c\u00f3pia da carteira de identidade, dever\u00e1 ser entregue pessoalmente ou por terceiros, em envelope lacrado e devidamente identificado, com nome completo do candidato, cargo e n\u00famero de inscri\u00e7\u00e3o. Com o envelope dever\u00e1 estar o comprovante de inscri\u00e7\u00e3o, que servir\u00e1 de recibo para o candidato. O edital e o link para inscri\u00e7\u00e3o podem ser conferidos <a href=\"https:\/\/www.pjf.mg.gov.br\/secretarias\/sarh\/edital\/temporario\/351\/index.php\" target=\"_blank\" rel=\"noopener noreferrer\">aqui<\/a>.<\/p>\n<p>&nbsp;<\/p>\n<p>Fonte: Assessoria<\/p>\n","protected":false},"excerpt":{"rendered":"<p>A Prefeitura de Juiz de Fora (PJF), atrav\u00e9s da Secretaria de Administra\u00e7\u00e3o e Recursos Humanos (SARH), abriu inscri\u00e7\u00f5es no processo seletivo de contrata\u00e7\u00e3o tempor\u00e1ria de m\u00e9dico I, para atua\u00e7\u00e3o cl\u00ednica, nas \u00e1reas de cardiologia infantil, homeopatia, urologia e cl\u00ednico geral (Edital n\u00ba 351-SARH). Os interessados devem realizar suas inscri\u00e7\u00f5es exclusivamente pela internet, atrav\u00e9s do site [&hellip;]<\/p>\n","protected":false},"author":96,"featured_media":91417,"comment_status":"closed","ping_status":"closed","sticky":false,"template":"","format":"standard","meta":{"footnotes":""},"categories":[280],"tags":[],"class_list":["post-91418","post","type-post","status-publish","format-standard","has-post-thumbnail","hentry","category-concurso"],"_links":{"self":[{"href":"https:\/\/diarioregionaldigital.com.br\/index.php?rest_route=\/wp\/v2\/posts\/91418","targetHints":{"allow":["GET"]}}],"collection":[{"href":"https:\/\/diarioregionaldigital.com.br\/index.php?rest_route=\/wp\/v2\/posts"}],"about":[{"href":"https:\/\/diarioregionaldigital.com.br\/index.php?rest_route=\/wp\/v2\/types\/post"}],"author":[{"embeddable":true,"href":"https:\/\/diarioregionaldigital.com.br\/index.php?rest_route=\/wp\/v2\/users\/96"}],"replies":[{"embeddable":true,"href":"https:\/\/diarioregionaldigital.com.br\/index.php?rest_route=%2Fwp%2Fv2%2Fcomments&post=91418"}],"version-history":[{"count":0,"href":"https:\/\/diarioregionaldigital.com.br\/index.php?rest_route=\/wp\/v2\/posts\/91418\/revisions"}],"wp:featuredmedia":[{"embeddable":true,"href":"https:\/\/diarioregionaldigital.com.br\/index.php?rest_route=\/wp\/v2\/media\/91417"}],"wp:attachment":[{"href":"https:\/\/diarioregionaldigital.com.br\/index.php?rest_route=%2Fwp%2Fv2%2Fmedia&parent=91418"}],"wp:term":[{"taxonomy":"category","embeddable":true,"href":"https:\/\/diarioregionaldigital.com.br\/index.php?rest_route=%2Fwp%2Fv2%2Fcategories&post=91418"},{"taxonomy":"post_tag","embeddable":true,"href":"https:\/\/diarioregionaldigital.com.br\/index.php?rest_route=%2Fwp%2Fv2%2Ftags&post=91418"}],"curies":[{"name":"wp","href":"https:\/\/api.w.org\/{rel}","templated":true}]}}