{"id":91416,"date":"2018-02-07T18:35:01","date_gmt":"2018-02-07T20:35:01","guid":{"rendered":"http:\/\/diarioregionaljf.com.br\/2018\/02\/07\/maia-reafirma-votacao-da-reforma-da-previdencia-em-fevereiro-centrais-sindicais-pedem-adiamento-para-2019\/"},"modified":"2018-02-07T18:35:01","modified_gmt":"2018-02-07T20:35:01","slug":"maia-reafirma-votacao-da-reforma-da-previdencia-em-fevereiro-centrais-sindicais-pedem-adiamento-para-2019","status":"publish","type":"post","link":"https:\/\/diarioregionaldigital.com.br\/?p=91416","title":{"rendered":"Maia reafirma vota\u00e7\u00e3o da reforma da Previd\u00eancia em fevereiro; centrais sindicais pedem adiamento para 2019"},"content":{"rendered":"<p>O presidente da C\u00e2mara dos Deputados, Rodrigo Maia, disse nessa quarta-feira, 7, que a data mais prov\u00e1vel para a vota\u00e7\u00e3o da reforma da Previd\u00eancia em Plen\u00e1rio \u00e9 20 de fevereiro.<\/p>\n<p>Ap\u00f3s reunir-se na resid\u00eancia oficial com representantes de cinco centrais sindicais, que reivindicam a retirada de pauta da mat\u00e9ria, Maia reafirmou que a ideia \u00e9 manter o calend\u00e1rio acordado com o l\u00edder do governo, Aguinaldo Ribeiro (PP-PB), e com o relator da mat\u00e9ria, deputado Arthur Oliveira Maia (PPS-BA).<\/p>\n<p>\u201cEu acho bom manter a data do dia 20, para que os esfor\u00e7os que est\u00e3o sendo constru\u00eddos tenham sucesso. Toda vez que adia a data, em vez de estar gerando press\u00e3o para conquista de votos, atrasa a mobiliza\u00e7\u00e3o\u201d, disse o presidente da C\u00e2mara. \u201cEnt\u00e3o vamos manter a data, para garantir a mobiliza\u00e7\u00e3o e encerrar esse assunto dia 20, dia 21,22 ou, no limite, dia 28\u201d.<\/p>\n<p>Maia, no entanto, admitiu aos sindicalistas que n\u00e3o pautar\u00e1 a reforma da Previd\u00eancia sem voto. &#8220;Vamos trabalhar para ter voto, acho que o Brasil precisa da reforma da Previd\u00eancia, o Brasil precisa que a gente tenha sistema previdenci\u00e1rio igual, do servi\u00e7o p\u00fablico e do INSS [Instituto Nacional do Seguro Social]\u201d, finalizou.<\/p>\n<h4>&nbsp;<\/h4>\n<h4>VOTA\u00c7\u00c3O EM 2019<\/h4>\n<p>A sugest\u00e3o dos representantes da CUT, da For\u00e7a Sindical, da Nova Central, da CSB e da UGT ao presidente da C\u00e2mara dos Deputado foi de que a vota\u00e7\u00e3o da reforma fique para 2019. Eles argumentam que o governo n\u00e3o tem votos e nem legitimidade para aprovar uma reforma da Previd\u00eancia.<\/p>\n<p>\u201cN\u00f3s n\u00e3o concordamos com os n\u00fameros do governo. Eu acho que o governo hoje n\u00e3o tem 150 votos na C\u00e2mara e isso \u00e9 muito ruim para o Brasil, na medida que, se o governo tiver uma derrota acachapante na C\u00e2mara, com certeza, as bolsas v\u00e3o cair 10%, d\u00f3lar vai subir e isso ser\u00e1 muito ruim para economia\u201d, disse o l\u00edder do Solidariedade na C\u00e2mara, deputado Paulo Pereira da Silva (SD-SP), que preside a For\u00e7a Sindical.<\/p>\n<p>\u201cN\u00e3o estamos nos furtando a discutir uma reforma da Previd\u00eancia, desde que ela seja debatida com a sociedade e feita por um presidente eleito para Presidente da Rep\u00fablica\u201d, completou.<\/p>\n<p>Fonte: Ag\u00eancia C\u00e2mara Not\u00edcias<\/p>\n","protected":false},"excerpt":{"rendered":"<p>O presidente da C\u00e2mara dos Deputados, Rodrigo Maia, disse nessa quarta-feira, 7, que a data mais prov\u00e1vel para a vota\u00e7\u00e3o da reforma da Previd\u00eancia em Plen\u00e1rio \u00e9 20 de fevereiro. Ap\u00f3s reunir-se na resid\u00eancia oficial com representantes de cinco centrais sindicais, que reivindicam a retirada de pauta da mat\u00e9ria, Maia reafirmou que a ideia \u00e9 [&hellip;]<\/p>\n","protected":false},"author":96,"featured_media":91415,"comment_status":"closed","ping_status":"closed","sticky":false,"template":"","format":"standard","meta":{"footnotes":""},"categories":[254],"tags":[],"class_list":["post-91416","post","type-post","status-publish","format-standard","has-post-thumbnail","hentry","category-politica"],"_links":{"self":[{"href":"https:\/\/diarioregionaldigital.com.br\/index.php?rest_route=\/wp\/v2\/posts\/91416","targetHints":{"allow":["GET"]}}],"collection":[{"href":"https:\/\/diarioregionaldigital.com.br\/index.php?rest_route=\/wp\/v2\/posts"}],"about":[{"href":"https:\/\/diarioregionaldigital.com.br\/index.php?rest_route=\/wp\/v2\/types\/post"}],"author":[{"embeddable":true,"href":"https:\/\/diarioregionaldigital.com.br\/index.php?rest_route=\/wp\/v2\/users\/96"}],"replies":[{"embeddable":true,"href":"https:\/\/diarioregionaldigital.com.br\/index.php?rest_route=%2Fwp%2Fv2%2Fcomments&post=91416"}],"version-history":[{"count":0,"href":"https:\/\/diarioregionaldigital.com.br\/index.php?rest_route=\/wp\/v2\/posts\/91416\/revisions"}],"wp:featuredmedia":[{"embeddable":true,"href":"https:\/\/diarioregionaldigital.com.br\/index.php?rest_route=\/wp\/v2\/media\/91415"}],"wp:attachment":[{"href":"https:\/\/diarioregionaldigital.com.br\/index.php?rest_route=%2Fwp%2Fv2%2Fmedia&parent=91416"}],"wp:term":[{"taxonomy":"category","embeddable":true,"href":"https:\/\/diarioregionaldigital.com.br\/index.php?rest_route=%2Fwp%2Fv2%2Fcategories&post=91416"},{"taxonomy":"post_tag","embeddable":true,"href":"https:\/\/diarioregionaldigital.com.br\/index.php?rest_route=%2Fwp%2Fv2%2Ftags&post=91416"}],"curies":[{"name":"wp","href":"https:\/\/api.w.org\/{rel}","templated":true}]}}