{"id":91414,"date":"2018-02-07T18:34:51","date_gmt":"2018-02-07T20:34:51","guid":{"rendered":"http:\/\/diarioregionaljf.com.br\/2018\/02\/07\/pcmg-desarticula-quadrilha-de-roubos-a-bancos-na-regiao-centro-oeste-do-estado\/"},"modified":"2018-02-07T18:34:51","modified_gmt":"2018-02-07T20:34:51","slug":"pcmg-desarticula-quadrilha-de-roubos-a-bancos-na-regiao-centro-oeste-do-estado","status":"publish","type":"post","link":"https:\/\/diarioregionaldigital.com.br\/?p=91414","title":{"rendered":"PCMG desarticula quadrilha de roubos a bancos na regi\u00e3o centro-oeste do estado"},"content":{"rendered":"<p>A Pol\u00edcia Civil de Minas Gerais (PCMG) realizou, na manh\u00e3 dessa ter\u00e7a-feira, 6, mais uma etapa da Opera\u00e7\u00e3o For\u00e7a Tarefa, no Centro-Oeste do estado. Os trabalhos tiveram como objetivo desarticular uma quadrilha de roubo a bancos. Tr\u00eas autores, de 19, 25 e 38 anos, foram presos durante as investiga\u00e7\u00f5es. Um terceiro homem, de 31 anos, suspeito de liderar o grupo, foi morto durante uma troca de tiro com policiais no dia 18 de janeiro. Outro suspeito de integrar a quadrilha, um jovem de 21 anos, est\u00e1 foragido.<\/p>\n<p>Durante tr\u00eas meses de investiga\u00e7\u00f5es, policiais civis do Departamento Estadual de Opera\u00e7\u00f5es Especiais da Pol\u00edcia Civil (Deoesp) identificaram v\u00e1rios crimes cometidos pelos suspeitos. No dia 5 de julho de 2017, o grupo realizou um assalto em uma ag\u00eancia do Banco SICOOB em S\u00e3o Jos\u00e9 da Varginha. J\u00e1 no dia 10 de janeiro deste ano, a quadrilha teria cometido outro assalto em uma ag\u00eancia do mesmo banco, na cidade de Pequi. Al\u00e9m disso, os suspeitos teriam cometido outros crimes naquela regi\u00e3o, incluindo homic\u00eddios e tr\u00e1fico de drogas.<\/p>\n<p>Os investigadores conseguiram levantar informa\u00e7\u00f5es sobre os suspeitos, que eram temidos pelos mun\u00edcipes de Papagaios e Pitangui, al\u00e9m de descobrir que um deles j\u00e1 havia atentado contra a vida de policiais civis e militares. O Delegado respons\u00e1vel pelo caso, Felipe Freitas, informou que um dos detidos j\u00e1 estava respondendo na Justi\u00e7a pelos crimes de roubo e homic\u00eddio e estava em regime semiaberto.<\/p>\n<p>Durante as investiga\u00e7\u00f5es, policiais civis compareceram a um s\u00edtio no dia 27 de janeiro, na zona rural de Pomp\u00e9u, local onde estariam guardados materiais il\u00edcitos da quadrilha, como armas de fogo de uso restrito. No decorrer dos trabalhos, alguns materiais foram apreendidos, entre eles aparelhos celulares, rev\u00f3lver e muni\u00e7\u00f5es. Os presos foram encaminhados para o Sistema Prisional e se encontram \u00e0 disposi\u00e7\u00e3o da Justi\u00e7a.<\/p>\n<p>&nbsp;<\/p>\n<p>Da reda\u00e7\u00e3o\/Colabora\u00e7\u00e3o Assessoria PCMG<\/p>\n","protected":false},"excerpt":{"rendered":"<p>A Pol\u00edcia Civil de Minas Gerais (PCMG) realizou, na manh\u00e3 dessa ter\u00e7a-feira, 6, mais uma etapa da Opera\u00e7\u00e3o For\u00e7a Tarefa, no Centro-Oeste do estado. Os trabalhos tiveram como objetivo desarticular uma quadrilha de roubo a bancos. Tr\u00eas autores, de 19, 25 e 38 anos, foram presos durante as investiga\u00e7\u00f5es. Um terceiro homem, de 31 anos, [&hellip;]<\/p>\n","protected":false},"author":96,"featured_media":91413,"comment_status":"closed","ping_status":"closed","sticky":false,"template":"","format":"standard","meta":{"footnotes":""},"categories":[252],"tags":[],"class_list":["post-91414","post","type-post","status-publish","format-standard","has-post-thumbnail","hentry","category-regiao"],"_links":{"self":[{"href":"https:\/\/diarioregionaldigital.com.br\/index.php?rest_route=\/wp\/v2\/posts\/91414","targetHints":{"allow":["GET"]}}],"collection":[{"href":"https:\/\/diarioregionaldigital.com.br\/index.php?rest_route=\/wp\/v2\/posts"}],"about":[{"href":"https:\/\/diarioregionaldigital.com.br\/index.php?rest_route=\/wp\/v2\/types\/post"}],"author":[{"embeddable":true,"href":"https:\/\/diarioregionaldigital.com.br\/index.php?rest_route=\/wp\/v2\/users\/96"}],"replies":[{"embeddable":true,"href":"https:\/\/diarioregionaldigital.com.br\/index.php?rest_route=%2Fwp%2Fv2%2Fcomments&post=91414"}],"version-history":[{"count":0,"href":"https:\/\/diarioregionaldigital.com.br\/index.php?rest_route=\/wp\/v2\/posts\/91414\/revisions"}],"wp:featuredmedia":[{"embeddable":true,"href":"https:\/\/diarioregionaldigital.com.br\/index.php?rest_route=\/wp\/v2\/media\/91413"}],"wp:attachment":[{"href":"https:\/\/diarioregionaldigital.com.br\/index.php?rest_route=%2Fwp%2Fv2%2Fmedia&parent=91414"}],"wp:term":[{"taxonomy":"category","embeddable":true,"href":"https:\/\/diarioregionaldigital.com.br\/index.php?rest_route=%2Fwp%2Fv2%2Fcategories&post=91414"},{"taxonomy":"post_tag","embeddable":true,"href":"https:\/\/diarioregionaldigital.com.br\/index.php?rest_route=%2Fwp%2Fv2%2Ftags&post=91414"}],"curies":[{"name":"wp","href":"https:\/\/api.w.org\/{rel}","templated":true}]}}