{"id":91412,"date":"2018-02-07T18:19:18","date_gmt":"2018-02-07T20:19:18","guid":{"rendered":"http:\/\/diarioregionaljf.com.br\/2018\/02\/07\/ministro-do-stf-envia-a-primeira-instancia-denuncia-contra-beto-mansur\/"},"modified":"2018-02-07T18:19:18","modified_gmt":"2018-02-07T20:19:18","slug":"ministro-do-stf-envia-a-primeira-instancia-denuncia-contra-beto-mansur","status":"publish","type":"post","link":"https:\/\/diarioregionaldigital.com.br\/?p=91412","title":{"rendered":"Ministro do STF envia \u00e0 primeira inst\u00e2ncia den\u00fancia contra Beto Mansur"},"content":{"rendered":"<p>O ministro do Supremo Tribunal Federal (STF) Lu\u00eds Roberto Barroso enviou nessa quarta-feira, 7, para a primeira inst\u00e2ncia da Justi\u00e7a Federal em Santos den\u00fancia contra o deputado federal Beto Mansur (PRB-SP), um dos vice-l\u00edderes do governo na C\u00e2mara. Na den\u00fancia, apresentada h\u00e1 duas semanas pela Procuradoria-Geral da Rep\u00fablica (PGR), Mansur \u00e9 acusado de crime tribut\u00e1rio.<\/p>\n<p>Apesar de o deputado ter foro por prerrogativa de fun\u00e7\u00e3o na Suprema Corte, Barroso entendeu que h\u00e1 maioria na Corte a favor do entendimento de que parlamentares respondam no Supremo somente por crimes que foram cometidos em fun\u00e7\u00e3o do mandato.<\/p>\n<p>O julgamento da quest\u00e3o foi interrompido em novembro do ano passado por um pedido de vista do ministro Dias Toffoli, mas Barroso entendeu que a quest\u00e3o j\u00e1 est\u00e1 praticamente resolvida. &#8220;No caso aqui examinado, n\u00e3o se afigura adequado que o tribunal continue a instruir a\u00e7\u00f5es penais ou a conduzir inqu\u00e9ritos para os quais n\u00e3o se considere competente, por ampla maioria, como no caso sob exame\u201d, argumentou o ministro.<\/p>\n<p>De acordo com a acusa\u00e7\u00e3o, Mansur omitiu informa\u00e7\u00f5es fiscais na sua declara\u00e7\u00e3o de Imposto de Renda em 2003. Com a base na investiga\u00e7\u00e3o fiscal feita pela Receita Federal, a PGR pediu a Lu\u00eds Roberto Barroso, relator do caso, a condena\u00e7\u00e3o de Mansur \u00e0 repara\u00e7\u00e3o de R$796 mil, valor do preju\u00edzo que teria sido causado ao Fisco, al\u00e9m de perda do mandato ap\u00f3s a senten\u00e7a definitiva.<\/p>\n<p>Ap\u00f3s a den\u00fancia da PGR, em nota divulgada por sua assessoria, o deputado contestou a a\u00e7\u00e3o da PGR por estar discutindo a validade da cobran\u00e7a na Justi\u00e7a. Beto Mansur tamb\u00e9m afirmou que tem &#8220;plena convic\u00e7\u00e3o de que ser\u00e1 vitorioso neste processo porque paga seus impostos com corre\u00e7\u00e3o&#8221;.<\/p>\n<p>Fonte: Ag\u00eancia Brasil<\/p>\n","protected":false},"excerpt":{"rendered":"<p>O ministro do Supremo Tribunal Federal (STF) Lu\u00eds Roberto Barroso enviou nessa quarta-feira, 7, para a primeira inst\u00e2ncia da Justi\u00e7a Federal em Santos den\u00fancia contra o deputado federal Beto Mansur (PRB-SP), um dos vice-l\u00edderes do governo na C\u00e2mara. Na den\u00fancia, apresentada h\u00e1 duas semanas pela Procuradoria-Geral da Rep\u00fablica (PGR), Mansur \u00e9 acusado de crime tribut\u00e1rio. [&hellip;]<\/p>\n","protected":false},"author":96,"featured_media":91411,"comment_status":"closed","ping_status":"closed","sticky":false,"template":"","format":"standard","meta":{"footnotes":""},"categories":[254],"tags":[],"class_list":["post-91412","post","type-post","status-publish","format-standard","has-post-thumbnail","hentry","category-politica"],"_links":{"self":[{"href":"https:\/\/diarioregionaldigital.com.br\/index.php?rest_route=\/wp\/v2\/posts\/91412","targetHints":{"allow":["GET"]}}],"collection":[{"href":"https:\/\/diarioregionaldigital.com.br\/index.php?rest_route=\/wp\/v2\/posts"}],"about":[{"href":"https:\/\/diarioregionaldigital.com.br\/index.php?rest_route=\/wp\/v2\/types\/post"}],"author":[{"embeddable":true,"href":"https:\/\/diarioregionaldigital.com.br\/index.php?rest_route=\/wp\/v2\/users\/96"}],"replies":[{"embeddable":true,"href":"https:\/\/diarioregionaldigital.com.br\/index.php?rest_route=%2Fwp%2Fv2%2Fcomments&post=91412"}],"version-history":[{"count":0,"href":"https:\/\/diarioregionaldigital.com.br\/index.php?rest_route=\/wp\/v2\/posts\/91412\/revisions"}],"wp:featuredmedia":[{"embeddable":true,"href":"https:\/\/diarioregionaldigital.com.br\/index.php?rest_route=\/wp\/v2\/media\/91411"}],"wp:attachment":[{"href":"https:\/\/diarioregionaldigital.com.br\/index.php?rest_route=%2Fwp%2Fv2%2Fmedia&parent=91412"}],"wp:term":[{"taxonomy":"category","embeddable":true,"href":"https:\/\/diarioregionaldigital.com.br\/index.php?rest_route=%2Fwp%2Fv2%2Fcategories&post=91412"},{"taxonomy":"post_tag","embeddable":true,"href":"https:\/\/diarioregionaldigital.com.br\/index.php?rest_route=%2Fwp%2Fv2%2Ftags&post=91412"}],"curies":[{"name":"wp","href":"https:\/\/api.w.org\/{rel}","templated":true}]}}