{"id":91410,"date":"2018-02-07T18:17:03","date_gmt":"2018-02-07T20:17:03","guid":{"rendered":"http:\/\/diarioregionaljf.com.br\/2018\/02\/07\/adolescente-e-baleado-em-praca-do-bairro-sao-pedro-em-muriae\/"},"modified":"2018-02-07T18:17:03","modified_gmt":"2018-02-07T20:17:03","slug":"adolescente-e-baleado-em-praca-do-bairro-sao-pedro-em-muriae","status":"publish","type":"post","link":"https:\/\/diarioregionaldigital.com.br\/?p=91410","title":{"rendered":"Adolescente \u00e9 baleado em pra\u00e7a do bairro S\u00e3o Pedro em Muria\u00e9"},"content":{"rendered":"<p>Um adolescente de 17 anos foi baleado em uma das pernas, na pra\u00e7a Liberdade, popularmente chamada de \u201cpracinha\u201d do bairro S\u00e3o Pedro, em Muria\u00e9 (a cerca de 158Km de JF), na tarde dessa ter\u00e7a-feira, 6. O jovem foi socorrido inicialmente por populares, sendo transferido para uma unidade do Corpo de Bombeiros durante o trajeto ao Hospital S\u00e3o Paulo (HSP).<\/p>\n<p>De acordo com o Boletim de Ocorr\u00eancia registrado pela Pol\u00edcia Militar (PM), no local do crime os militares foram informados de que v\u00e1rias pessoas, incluindo a v\u00edtima, participavam de um churrasco quando dois homens passaram em uma motocicleta alta e dispararam alguns tiros a esmo, sem um alvo definido.<\/p>\n<p>Conforme os relatos passados \u00e0 PM, o grupo correu e o menor foi atingido na coxa direita. Ainda segundo o registro policial, o adolescente ferido n\u00e3o apontou nenhum suspeito e afirmou que os tiros n\u00e3o foram disparados especificamente contra ele.<\/p>\n<p>Dois proj\u00e9teis de arma de fogo foram recolhidos na cena do crime e a PM realizou rastreamento, mas n\u00e3o h\u00e1 informa\u00e7\u00f5es sobre a autoria do atentado, que ser\u00e1 investigado pela Pol\u00edcia Civil (PC).<\/p>\n<p>&nbsp;<\/p>\n<p>Fonte: R\u00e1dio Muria\u00e9<\/p>\n","protected":false},"excerpt":{"rendered":"<p>Um adolescente de 17 anos foi baleado em uma das pernas, na pra\u00e7a Liberdade, popularmente chamada de \u201cpracinha\u201d do bairro S\u00e3o Pedro, em Muria\u00e9 (a cerca de 158Km de JF), na tarde dessa ter\u00e7a-feira, 6. O jovem foi socorrido inicialmente por populares, sendo transferido para uma unidade do Corpo de Bombeiros durante o trajeto ao [&hellip;]<\/p>\n","protected":false},"author":96,"featured_media":91409,"comment_status":"closed","ping_status":"closed","sticky":false,"template":"","format":"standard","meta":{"footnotes":""},"categories":[252],"tags":[],"class_list":["post-91410","post","type-post","status-publish","format-standard","has-post-thumbnail","hentry","category-regiao"],"_links":{"self":[{"href":"https:\/\/diarioregionaldigital.com.br\/index.php?rest_route=\/wp\/v2\/posts\/91410","targetHints":{"allow":["GET"]}}],"collection":[{"href":"https:\/\/diarioregionaldigital.com.br\/index.php?rest_route=\/wp\/v2\/posts"}],"about":[{"href":"https:\/\/diarioregionaldigital.com.br\/index.php?rest_route=\/wp\/v2\/types\/post"}],"author":[{"embeddable":true,"href":"https:\/\/diarioregionaldigital.com.br\/index.php?rest_route=\/wp\/v2\/users\/96"}],"replies":[{"embeddable":true,"href":"https:\/\/diarioregionaldigital.com.br\/index.php?rest_route=%2Fwp%2Fv2%2Fcomments&post=91410"}],"version-history":[{"count":0,"href":"https:\/\/diarioregionaldigital.com.br\/index.php?rest_route=\/wp\/v2\/posts\/91410\/revisions"}],"wp:featuredmedia":[{"embeddable":true,"href":"https:\/\/diarioregionaldigital.com.br\/index.php?rest_route=\/wp\/v2\/media\/91409"}],"wp:attachment":[{"href":"https:\/\/diarioregionaldigital.com.br\/index.php?rest_route=%2Fwp%2Fv2%2Fmedia&parent=91410"}],"wp:term":[{"taxonomy":"category","embeddable":true,"href":"https:\/\/diarioregionaldigital.com.br\/index.php?rest_route=%2Fwp%2Fv2%2Fcategories&post=91410"},{"taxonomy":"post_tag","embeddable":true,"href":"https:\/\/diarioregionaldigital.com.br\/index.php?rest_route=%2Fwp%2Fv2%2Ftags&post=91410"}],"curies":[{"name":"wp","href":"https:\/\/api.w.org\/{rel}","templated":true}]}}