{"id":91408,"date":"2018-02-07T18:12:07","date_gmt":"2018-02-07T20:12:07","guid":{"rendered":"http:\/\/diarioregionaljf.com.br\/2018\/02\/07\/psdb-fecha-questao-sobre-reforma-mas-nao-punira-quem-votar-contra\/"},"modified":"2018-02-07T18:12:07","modified_gmt":"2018-02-07T20:12:07","slug":"psdb-fecha-questao-sobre-reforma-mas-nao-punira-quem-votar-contra","status":"publish","type":"post","link":"https:\/\/diarioregionaldigital.com.br\/?p=91408","title":{"rendered":"PSDB fecha quest\u00e3o sobre reforma, mas n\u00e3o punir\u00e1 quem votar contra"},"content":{"rendered":"<p>A Executiva Nacional do PSDB decidiu nessa quarta-feira, 7, reafirmar o fechamento de quest\u00e3o e orientou que os 46 deputados da legenda votem pela aprova\u00e7\u00e3o da reforma da Previd\u00eancia, mesmo com a bancada dividida na C\u00e2mara. O presidente da legenda e governador de S\u00e3o Paulo, Geraldo Alckmin, garantiu, no entanto, que quem votar contra n\u00e3o sofrer\u00e1 nenhuma san\u00e7\u00e3o interna.<\/p>\n<p>A medida j\u00e1 havia sido aprovada na reuni\u00e3o da Executiva em dezembro. O governador de Goi\u00e1s, Marconi Perillo, foi um dos defendeu puni\u00e7\u00e3o \u00e0queles que votarem contra a proposta, mas foi voto vencido. \u201cSe n\u00e3o aprovar a reforma da Previd\u00eancia agora, o Brasil vai quebrar\u201d, alertou Perillo.<\/p>\n<p>Alguns governadores presentes \u00e0 reuni\u00e3o em Bras\u00edlia destacaram a necessidade de fazer reforma da Previd\u00eancia tamb\u00e9m nos estados. O governador Pedro Taques, do Mato Grosso, adiantou que far\u00e1 uma reforma previdenci\u00e1ria no estado nos pr\u00f3ximos tr\u00eas meses, elevando a contribui\u00e7\u00e3o de 11% para 13%.<\/p>\n<p>Nessa quarta, o presidente da C\u00e2mara dos Deputados, Rodrigo Maia, disse que a previs\u00e3o da vota\u00e7\u00e3o da reforma da Previd\u00eancia est\u00e1 mantida para o dia 20 de fevereiro. A declara\u00e7\u00e3o foi feita a jornalistas, na porta da resid\u00eancia oficial da C\u00e2mara, no Lago Sul, ap\u00f3s o l\u00edder do governo na C\u00e2mara, Aguinaldo Ribeiro (PP-PB), dizer que a vota\u00e7\u00e3o deve ocorrer at\u00e9 o dia 28 de fevereiro.<\/p>\n<p>Fonte: Ag\u00eancia Brasil<\/p>\n","protected":false},"excerpt":{"rendered":"<p>A Executiva Nacional do PSDB decidiu nessa quarta-feira, 7, reafirmar o fechamento de quest\u00e3o e orientou que os 46 deputados da legenda votem pela aprova\u00e7\u00e3o da reforma da Previd\u00eancia, mesmo com a bancada dividida na C\u00e2mara. O presidente da legenda e governador de S\u00e3o Paulo, Geraldo Alckmin, garantiu, no entanto, que quem votar contra n\u00e3o [&hellip;]<\/p>\n","protected":false},"author":96,"featured_media":91407,"comment_status":"closed","ping_status":"closed","sticky":false,"template":"","format":"standard","meta":{"footnotes":""},"categories":[254],"tags":[],"class_list":["post-91408","post","type-post","status-publish","format-standard","has-post-thumbnail","hentry","category-politica"],"_links":{"self":[{"href":"https:\/\/diarioregionaldigital.com.br\/index.php?rest_route=\/wp\/v2\/posts\/91408","targetHints":{"allow":["GET"]}}],"collection":[{"href":"https:\/\/diarioregionaldigital.com.br\/index.php?rest_route=\/wp\/v2\/posts"}],"about":[{"href":"https:\/\/diarioregionaldigital.com.br\/index.php?rest_route=\/wp\/v2\/types\/post"}],"author":[{"embeddable":true,"href":"https:\/\/diarioregionaldigital.com.br\/index.php?rest_route=\/wp\/v2\/users\/96"}],"replies":[{"embeddable":true,"href":"https:\/\/diarioregionaldigital.com.br\/index.php?rest_route=%2Fwp%2Fv2%2Fcomments&post=91408"}],"version-history":[{"count":0,"href":"https:\/\/diarioregionaldigital.com.br\/index.php?rest_route=\/wp\/v2\/posts\/91408\/revisions"}],"wp:featuredmedia":[{"embeddable":true,"href":"https:\/\/diarioregionaldigital.com.br\/index.php?rest_route=\/wp\/v2\/media\/91407"}],"wp:attachment":[{"href":"https:\/\/diarioregionaldigital.com.br\/index.php?rest_route=%2Fwp%2Fv2%2Fmedia&parent=91408"}],"wp:term":[{"taxonomy":"category","embeddable":true,"href":"https:\/\/diarioregionaldigital.com.br\/index.php?rest_route=%2Fwp%2Fv2%2Fcategories&post=91408"},{"taxonomy":"post_tag","embeddable":true,"href":"https:\/\/diarioregionaldigital.com.br\/index.php?rest_route=%2Fwp%2Fv2%2Ftags&post=91408"}],"curies":[{"name":"wp","href":"https:\/\/api.w.org\/{rel}","templated":true}]}}