{"id":91406,"date":"2018-02-07T18:10:31","date_gmt":"2018-02-07T20:10:31","guid":{"rendered":"http:\/\/diarioregionaljf.com.br\/2018\/02\/07\/adolescente-tem-celular-roubado-por-homem-armado-no-bairro-araujo\/"},"modified":"2018-02-07T18:10:31","modified_gmt":"2018-02-07T20:10:31","slug":"adolescente-tem-celular-roubado-por-homem-armado-no-bairro-araujo","status":"publish","type":"post","link":"https:\/\/diarioregionaldigital.com.br\/?p=91406","title":{"rendered":"Adolescente tem celular roubado por homem armado no bairro Ara\u00fajo"},"content":{"rendered":"<p>Um adolescente de 14 anos foi assaltado por um homem armado no bairro Ara\u00fajo, zona Norte de Juiz de Fora, na manh\u00e3 dessa ter\u00e7a-feira, 6.<\/p>\n<p>De acordo com o registro da ocorr\u00eancia na Pol\u00edcia Militar (PM), a v\u00edtima relatou que estava em uma passarela do bairro quando foi abordada pelo autor, que estava armado com um rev\u00f3lver. O assaltante subtraiu o celular do adolescente e fugiu.<\/p>\n<p>O menor foi orientado sobre as demais provid\u00eancias a serem tomadas.<\/p>\n","protected":false},"excerpt":{"rendered":"<p>Um adolescente de 14 anos foi assaltado por um homem armado no bairro Ara\u00fajo, zona Norte de Juiz de Fora, na manh\u00e3 dessa ter\u00e7a-feira, 6. De acordo com o registro da ocorr\u00eancia na Pol\u00edcia Militar (PM), a v\u00edtima relatou que estava em uma passarela do bairro quando foi abordada pelo autor, que estava armado com [&hellip;]<\/p>\n","protected":false},"author":96,"featured_media":91405,"comment_status":"closed","ping_status":"closed","sticky":false,"template":"","format":"standard","meta":{"footnotes":""},"categories":[301],"tags":[],"class_list":["post-91406","post","type-post","status-publish","format-standard","has-post-thumbnail","hentry","category-artigos-policiais"],"_links":{"self":[{"href":"https:\/\/diarioregionaldigital.com.br\/index.php?rest_route=\/wp\/v2\/posts\/91406","targetHints":{"allow":["GET"]}}],"collection":[{"href":"https:\/\/diarioregionaldigital.com.br\/index.php?rest_route=\/wp\/v2\/posts"}],"about":[{"href":"https:\/\/diarioregionaldigital.com.br\/index.php?rest_route=\/wp\/v2\/types\/post"}],"author":[{"embeddable":true,"href":"https:\/\/diarioregionaldigital.com.br\/index.php?rest_route=\/wp\/v2\/users\/96"}],"replies":[{"embeddable":true,"href":"https:\/\/diarioregionaldigital.com.br\/index.php?rest_route=%2Fwp%2Fv2%2Fcomments&post=91406"}],"version-history":[{"count":0,"href":"https:\/\/diarioregionaldigital.com.br\/index.php?rest_route=\/wp\/v2\/posts\/91406\/revisions"}],"wp:featuredmedia":[{"embeddable":true,"href":"https:\/\/diarioregionaldigital.com.br\/index.php?rest_route=\/wp\/v2\/media\/91405"}],"wp:attachment":[{"href":"https:\/\/diarioregionaldigital.com.br\/index.php?rest_route=%2Fwp%2Fv2%2Fmedia&parent=91406"}],"wp:term":[{"taxonomy":"category","embeddable":true,"href":"https:\/\/diarioregionaldigital.com.br\/index.php?rest_route=%2Fwp%2Fv2%2Fcategories&post=91406"},{"taxonomy":"post_tag","embeddable":true,"href":"https:\/\/diarioregionaldigital.com.br\/index.php?rest_route=%2Fwp%2Fv2%2Ftags&post=91406"}],"curies":[{"name":"wp","href":"https:\/\/api.w.org\/{rel}","templated":true}]}}