{"id":91402,"date":"2018-02-07T17:54:43","date_gmt":"2018-02-07T19:54:43","guid":{"rendered":"http:\/\/diarioregionaljf.com.br\/2018\/02\/07\/stf-valida-lei-que-obriga-plano-de-saude-justificar-recusa-de-atendimento\/"},"modified":"2018-02-07T17:54:43","modified_gmt":"2018-02-07T19:54:43","slug":"stf-valida-lei-que-obriga-plano-de-saude-justificar-recusa-de-atendimento","status":"publish","type":"post","link":"https:\/\/diarioregionaldigital.com.br\/?p=91402","title":{"rendered":"STF valida lei que obriga plano de sa\u00fade justificar recusa de atendimento"},"content":{"rendered":"<p>O Supremo Tribunal Federal (STF) decidiu nessa quarta-feira, 7, manter a validade de uma lei do Mato Grosso do Sul que obriga as operadoras de plano de sa\u00fade a justificar, por escrito, ao consumidor, os motivos para negar autoriza\u00e7\u00e3o para procedimentos m\u00e9dicos. Por unanimidade, a Corte seguiu voto proferido pela relatora do caso e presidente do STF, ministra C\u00e1rmen L\u00facia, a favor da compet\u00eancia da Assembleia Legislativa do estado para legislar sobre o tema.<\/p>\n<p>O questionamento sobre a norma chegou ao Supremo por meio de um recurso protocolado pela Uni\u00e3o Nacional das Institui\u00e7\u00f5es de Autogest\u00e3o em Sa\u00fade (Unidas). A entidade alegou que somente o Congresso Nacional pode legislar sobe o assunto e impor obriga\u00e7\u00f5es em casos que envolvem planos de sa\u00fade privados. O entendimento firmado pelo STF dever\u00e1 basear o julgamento de outras a\u00e7\u00f5es sobre assist\u00eancia m\u00e9dico-hospitalar.<\/p>\n<h4>&nbsp;<\/h4>\n<h4>CR\u00cdTICA<\/h4>\n<p>Ao final da sess\u00e3o, o ministro Marco Aur\u00e9lio criticou a produtividade das sess\u00f5es extras da Corte, agendadas para o per\u00edodo matutino. O ministro disse que n\u00e3o h\u00e1 qu\u00f3rum para as delibera\u00e7\u00f5es e ainda cobrou da presidente da Corte, C\u00e1rmen L\u00facia, que combine com os colegas o agendamento das sess\u00f5es. A sess\u00e3o teve dura\u00e7\u00e3o aproximada de uma hora. A partir das 14h, os ministros voltaram a se reunir na sess\u00e3o vespertina, como ocorre todas as quartas e quintas-feiras.<\/p>\n<p>&#8220;Talvez, presidente, precisemos repensar essas sess\u00f5es matutinas, porque na maioria das vezes, n\u00e3o temos qu\u00f3rum, e voltarmos a tradi\u00e7\u00e3o de combinarmos essas sess\u00f5es&#8221;, disse o ministro.<\/p>\n<p>Ao rebater a cr\u00edtica, C\u00e1rmen L\u00facia afirmou que foram julgados seis a\u00e7\u00f5es diretas de inconstitucionalidade. &#8220;Farei isso, ministro. De toda sorte, nesta sess\u00e3o n\u00f3s tivemos o julgamento de um n\u00famero razo\u00e1vel de processos.&#8221;<\/p>\n<p>Fonte: Ag\u00eancia Brasil<\/p>\n","protected":false},"excerpt":{"rendered":"<p>O Supremo Tribunal Federal (STF) decidiu nessa quarta-feira, 7, manter a validade de uma lei do Mato Grosso do Sul que obriga as operadoras de plano de sa\u00fade a justificar, por escrito, ao consumidor, os motivos para negar autoriza\u00e7\u00e3o para procedimentos m\u00e9dicos. Por unanimidade, a Corte seguiu voto proferido pela relatora do caso e presidente [&hellip;]<\/p>\n","protected":false},"author":96,"featured_media":91401,"comment_status":"closed","ping_status":"closed","sticky":false,"template":"","format":"standard","meta":{"footnotes":""},"categories":[302],"tags":[],"class_list":["post-91402","post","type-post","status-publish","format-standard","has-post-thumbnail","hentry","category-brasil-mundo"],"_links":{"self":[{"href":"https:\/\/diarioregionaldigital.com.br\/index.php?rest_route=\/wp\/v2\/posts\/91402","targetHints":{"allow":["GET"]}}],"collection":[{"href":"https:\/\/diarioregionaldigital.com.br\/index.php?rest_route=\/wp\/v2\/posts"}],"about":[{"href":"https:\/\/diarioregionaldigital.com.br\/index.php?rest_route=\/wp\/v2\/types\/post"}],"author":[{"embeddable":true,"href":"https:\/\/diarioregionaldigital.com.br\/index.php?rest_route=\/wp\/v2\/users\/96"}],"replies":[{"embeddable":true,"href":"https:\/\/diarioregionaldigital.com.br\/index.php?rest_route=%2Fwp%2Fv2%2Fcomments&post=91402"}],"version-history":[{"count":0,"href":"https:\/\/diarioregionaldigital.com.br\/index.php?rest_route=\/wp\/v2\/posts\/91402\/revisions"}],"wp:featuredmedia":[{"embeddable":true,"href":"https:\/\/diarioregionaldigital.com.br\/index.php?rest_route=\/wp\/v2\/media\/91401"}],"wp:attachment":[{"href":"https:\/\/diarioregionaldigital.com.br\/index.php?rest_route=%2Fwp%2Fv2%2Fmedia&parent=91402"}],"wp:term":[{"taxonomy":"category","embeddable":true,"href":"https:\/\/diarioregionaldigital.com.br\/index.php?rest_route=%2Fwp%2Fv2%2Fcategories&post=91402"},{"taxonomy":"post_tag","embeddable":true,"href":"https:\/\/diarioregionaldigital.com.br\/index.php?rest_route=%2Fwp%2Fv2%2Ftags&post=91402"}],"curies":[{"name":"wp","href":"https:\/\/api.w.org\/{rel}","templated":true}]}}