{"id":91400,"date":"2018-02-07T17:54:32","date_gmt":"2018-02-07T19:54:32","guid":{"rendered":"http:\/\/diarioregionaljf.com.br\/2018\/02\/07\/prorrogadas-as-inscricoes-para-concursos-publicos-e-processo-seletivo-em-divinopolis\/"},"modified":"2018-02-07T17:54:32","modified_gmt":"2018-02-07T19:54:32","slug":"prorrogadas-as-inscricoes-para-concursos-publicos-e-processo-seletivo-em-divinopolis","status":"publish","type":"post","link":"https:\/\/diarioregionaldigital.com.br\/?p=91400","title":{"rendered":"Prorrogadas as inscri\u00e7\u00f5es para concursos p\u00fablicos e processo seletivo em Divin\u00f3polis"},"content":{"rendered":"<p>Foram prorrogadas as inscri\u00e7\u00f5es para os <a href=\"concurso\/23002-prefeitura-de-divinopolis-oferece-mais-de-300-vagas-para-todos-os-niveis\" target=\"_blank\" rel=\"noopener noreferrer\">concursos p\u00fablicos e o processo seletivo abertos pela Prefeitura de Divin\u00f3polis<\/a>.<\/p>\n<p>Quem quiser concorrer \u00e0s vagas ofertadas para a administra\u00e7\u00e3o p\u00fablica e para o Instituto de Previd\u00eancia dos Servidores do munic\u00edpio de Divin\u00f3polis (DIVIPREV), pode se inscrever at\u00e9 esta quinta-feira, 8. Na sexta-feira, 9, termina o prazo para inscri\u00e7\u00e3o no processo seletivo para Agente Comunit\u00e1rio de Sa\u00fade.<\/p>\n<p>S\u00e3o oferecidas 330 vagas para o Concurso P\u00fablico da Prefeitura, com sal\u00e1rios de at\u00e9 R$8.829,79. Tamb\u00e9m h\u00e1 40 vagas para Agente Comunit\u00e1rio de Sa\u00fade. Para o DIVIPREV, h\u00e1 quatro vagas na fun\u00e7\u00e3o de Agente de Administra\u00e7\u00e3o.<\/p>\n<p>As taxas de inscri\u00e7\u00e3o come\u00e7am a partir de R$40 e variam conforme o cargo. As inscri\u00e7\u00f5es devem ser realizadas pelo <a href=\"http:\/\/www.ibfc.org.br\/\" target=\"_blank\" rel=\"noopener noreferrer\">site do Instituto Brasileiro de Forma\u00e7\u00e3o e Capacita\u00e7\u00e3o (IBFC)<\/a>, organizador do certame.<\/p>\n<p>&nbsp;<\/p>\n","protected":false},"excerpt":{"rendered":"<p>Foram prorrogadas as inscri\u00e7\u00f5es para os concursos p\u00fablicos e o processo seletivo abertos pela Prefeitura de Divin\u00f3polis. Quem quiser concorrer \u00e0s vagas ofertadas para a administra\u00e7\u00e3o p\u00fablica e para o Instituto de Previd\u00eancia dos Servidores do munic\u00edpio de Divin\u00f3polis (DIVIPREV), pode se inscrever at\u00e9 esta quinta-feira, 8. Na sexta-feira, 9, termina o prazo para inscri\u00e7\u00e3o [&hellip;]<\/p>\n","protected":false},"author":96,"featured_media":91399,"comment_status":"closed","ping_status":"closed","sticky":false,"template":"","format":"standard","meta":{"footnotes":""},"categories":[280],"tags":[],"class_list":["post-91400","post","type-post","status-publish","format-standard","has-post-thumbnail","hentry","category-concurso"],"_links":{"self":[{"href":"https:\/\/diarioregionaldigital.com.br\/index.php?rest_route=\/wp\/v2\/posts\/91400","targetHints":{"allow":["GET"]}}],"collection":[{"href":"https:\/\/diarioregionaldigital.com.br\/index.php?rest_route=\/wp\/v2\/posts"}],"about":[{"href":"https:\/\/diarioregionaldigital.com.br\/index.php?rest_route=\/wp\/v2\/types\/post"}],"author":[{"embeddable":true,"href":"https:\/\/diarioregionaldigital.com.br\/index.php?rest_route=\/wp\/v2\/users\/96"}],"replies":[{"embeddable":true,"href":"https:\/\/diarioregionaldigital.com.br\/index.php?rest_route=%2Fwp%2Fv2%2Fcomments&post=91400"}],"version-history":[{"count":0,"href":"https:\/\/diarioregionaldigital.com.br\/index.php?rest_route=\/wp\/v2\/posts\/91400\/revisions"}],"wp:featuredmedia":[{"embeddable":true,"href":"https:\/\/diarioregionaldigital.com.br\/index.php?rest_route=\/wp\/v2\/media\/91399"}],"wp:attachment":[{"href":"https:\/\/diarioregionaldigital.com.br\/index.php?rest_route=%2Fwp%2Fv2%2Fmedia&parent=91400"}],"wp:term":[{"taxonomy":"category","embeddable":true,"href":"https:\/\/diarioregionaldigital.com.br\/index.php?rest_route=%2Fwp%2Fv2%2Fcategories&post=91400"},{"taxonomy":"post_tag","embeddable":true,"href":"https:\/\/diarioregionaldigital.com.br\/index.php?rest_route=%2Fwp%2Fv2%2Ftags&post=91400"}],"curies":[{"name":"wp","href":"https:\/\/api.w.org\/{rel}","templated":true}]}}