{"id":91398,"date":"2018-02-07T17:46:36","date_gmt":"2018-02-07T19:46:36","guid":{"rendered":"http:\/\/diarioregionaljf.com.br\/2018\/02\/07\/policia-descobre-plano-para-libertar-marcelo-piloto-de-presidio-paraguaio\/"},"modified":"2018-02-07T17:46:36","modified_gmt":"2018-02-07T19:46:36","slug":"policia-descobre-plano-para-libertar-marcelo-piloto-de-presidio-paraguaio","status":"publish","type":"post","link":"https:\/\/diarioregionaldigital.com.br\/?p=91398","title":{"rendered":"Pol\u00edcia descobre plano para libertar Marcelo Piloto de pres\u00eddio paraguaio"},"content":{"rendered":"<p>Policiais civis e rodovi\u00e1rios federais prenderam dois homens suspeitos de envolvimento em um plano para libertar Marcelo Fernando Pinheiro Veiga, conhecido como Marcelo Piloto. Acusado de ser um dos principais fornecedores de armas para quadrilhas do Rio de Janeiro, Marcelo Piloto est\u00e1 preso no Paraguai desde dezembro do ano passado.<\/p>\n<p>A informa\u00e7\u00e3o de que havia um plano de fuga para Piloto chegou \u00e0 Secretaria de Seguran\u00e7a do Rio por meio do Disque-Den\u00fancia. Os agentes abordaram, em Serop\u00e9dica, um \u00f4nibus que seguia para Foz do Igua\u00e7u e prenderam os dois suspeitos.<\/p>\n<p>Ambos tinham anota\u00e7\u00f5es criminais e estavam em liberdade condicional. Segundo a Secretaria de Seguran\u00e7a, nenhum dos dois tinha autoriza\u00e7\u00e3o da Vara de Execu\u00e7\u00f5es Penais para deixar o estado do Rio. Por isso, foram expedidos mandados de pris\u00e3o para os dois.<\/p>\n<p>Um inqu\u00e9rito para apurar o plano de resgate de Marcelo Piloto foi instaurado pela Delegacia de Repress\u00e3o \u00e0s A\u00e7\u00f5es Criminosas Organizadas e de Inqu\u00e9ritos Especiais (Draco\/IE).<\/p>\n<p>Marcelo Piloto havia sido preso em dezembro do ano passado, numa opera\u00e7\u00e3o conjunta das autoridades de seguran\u00e7a do Rio com a Secretaria Nacional Antidrogas do Paraguai (Senad), a Pol\u00edcia Federal brasileira, a Pol\u00edcia Nacional do Paraguai e a Ag\u00eancia Antidrogas Americana (DEA). Ele era considerado o maior fornecedor de armas, muni\u00e7\u00f5es e drogas do Comando Vermelho e morava no Paraguai h\u00e1 mais de cinco anos.<\/p>\n<p>Fonte: Ag\u00eancia Brasil<\/p>\n","protected":false},"excerpt":{"rendered":"<p>Policiais civis e rodovi\u00e1rios federais prenderam dois homens suspeitos de envolvimento em um plano para libertar Marcelo Fernando Pinheiro Veiga, conhecido como Marcelo Piloto. Acusado de ser um dos principais fornecedores de armas para quadrilhas do Rio de Janeiro, Marcelo Piloto est\u00e1 preso no Paraguai desde dezembro do ano passado. A informa\u00e7\u00e3o de que havia [&hellip;]<\/p>\n","protected":false},"author":96,"featured_media":91397,"comment_status":"closed","ping_status":"closed","sticky":false,"template":"","format":"standard","meta":{"footnotes":""},"categories":[302],"tags":[],"class_list":["post-91398","post","type-post","status-publish","format-standard","has-post-thumbnail","hentry","category-brasil-mundo"],"_links":{"self":[{"href":"https:\/\/diarioregionaldigital.com.br\/index.php?rest_route=\/wp\/v2\/posts\/91398","targetHints":{"allow":["GET"]}}],"collection":[{"href":"https:\/\/diarioregionaldigital.com.br\/index.php?rest_route=\/wp\/v2\/posts"}],"about":[{"href":"https:\/\/diarioregionaldigital.com.br\/index.php?rest_route=\/wp\/v2\/types\/post"}],"author":[{"embeddable":true,"href":"https:\/\/diarioregionaldigital.com.br\/index.php?rest_route=\/wp\/v2\/users\/96"}],"replies":[{"embeddable":true,"href":"https:\/\/diarioregionaldigital.com.br\/index.php?rest_route=%2Fwp%2Fv2%2Fcomments&post=91398"}],"version-history":[{"count":0,"href":"https:\/\/diarioregionaldigital.com.br\/index.php?rest_route=\/wp\/v2\/posts\/91398\/revisions"}],"wp:featuredmedia":[{"embeddable":true,"href":"https:\/\/diarioregionaldigital.com.br\/index.php?rest_route=\/wp\/v2\/media\/91397"}],"wp:attachment":[{"href":"https:\/\/diarioregionaldigital.com.br\/index.php?rest_route=%2Fwp%2Fv2%2Fmedia&parent=91398"}],"wp:term":[{"taxonomy":"category","embeddable":true,"href":"https:\/\/diarioregionaldigital.com.br\/index.php?rest_route=%2Fwp%2Fv2%2Fcategories&post=91398"},{"taxonomy":"post_tag","embeddable":true,"href":"https:\/\/diarioregionaldigital.com.br\/index.php?rest_route=%2Fwp%2Fv2%2Ftags&post=91398"}],"curies":[{"name":"wp","href":"https:\/\/api.w.org\/{rel}","templated":true}]}}