{"id":91394,"date":"2018-02-07T17:27:54","date_gmt":"2018-02-07T19:27:54","guid":{"rendered":"http:\/\/diarioregionaljf.com.br\/2018\/02\/07\/pm-apreende-mais-de-r-5-mil-e-detem-adolescente-por-trafico-de-drogas-no-vila-alpina\/"},"modified":"2018-02-07T17:27:54","modified_gmt":"2018-02-07T19:27:54","slug":"pm-apreende-mais-de-r-5-mil-e-detem-adolescente-por-trafico-de-drogas-no-vila-alpina","status":"publish","type":"post","link":"https:\/\/diarioregionaldigital.com.br\/?p=91394","title":{"rendered":"PM apreende mais de R$5 mil e det\u00e9m adolescente por tr\u00e1fico de drogas no Vila Alpina"},"content":{"rendered":"<p>Um adolescente de 17 anos foi detido por tr\u00e1fico de drogas no bairro Vila Alpina, zona Leste, na manh\u00e3 dessa ter\u00e7a-feira, 6. De acordo com o Boletim de Ocorr\u00eancia (BO) da Pol\u00edcia Militar (PM), o menor j\u00e1 \u00e9 conhecido por realizar o com\u00e9rcio de entorpecentes e foi abordado quando passava de moto pela Rua Sebasti\u00e3o Costa.<\/p>\n<p>Durante a abordagem, o adolescente informou que o documento do ve\u00edculo estava em um bar, para onde se dirigiu acompanhado dos militares. No local, os policiais localizaram o documento dentro de uma sacola, onde tamb\u00e9m estava a quantia de R$5.297.<\/p>\n<p>Como o menor j\u00e1 \u00e9 conhecido pelo crime de tr\u00e1fico de drogas, foram realizadas dilig\u00eancias, em acompanhamento do mesmo. Em uma casa abandonada, os policiais localizaram 138 papelotes e uma bucha grande de coca\u00edna, material de preparo para drogas, 17 cartuchos calibre .38, um rev\u00f3lver calibre .38 com cinco muni\u00e7\u00f5es e outro calibre .38 com seis muni\u00e7\u00f5es.<\/p>\n<p>O adolescente assumiu a propriedade de todo o material. Ele foi apreendido e encaminhado \u00e0 delegacia. A moto utilizada por ele tamb\u00e9m foi apreendida.<\/p>\n","protected":false},"excerpt":{"rendered":"<p>Um adolescente de 17 anos foi detido por tr\u00e1fico de drogas no bairro Vila Alpina, zona Leste, na manh\u00e3 dessa ter\u00e7a-feira, 6. De acordo com o Boletim de Ocorr\u00eancia (BO) da Pol\u00edcia Militar (PM), o menor j\u00e1 \u00e9 conhecido por realizar o com\u00e9rcio de entorpecentes e foi abordado quando passava de moto pela Rua Sebasti\u00e3o [&hellip;]<\/p>\n","protected":false},"author":96,"featured_media":91393,"comment_status":"closed","ping_status":"closed","sticky":false,"template":"","format":"standard","meta":{"footnotes":""},"categories":[301],"tags":[],"class_list":["post-91394","post","type-post","status-publish","format-standard","has-post-thumbnail","hentry","category-artigos-policiais"],"_links":{"self":[{"href":"https:\/\/diarioregionaldigital.com.br\/index.php?rest_route=\/wp\/v2\/posts\/91394","targetHints":{"allow":["GET"]}}],"collection":[{"href":"https:\/\/diarioregionaldigital.com.br\/index.php?rest_route=\/wp\/v2\/posts"}],"about":[{"href":"https:\/\/diarioregionaldigital.com.br\/index.php?rest_route=\/wp\/v2\/types\/post"}],"author":[{"embeddable":true,"href":"https:\/\/diarioregionaldigital.com.br\/index.php?rest_route=\/wp\/v2\/users\/96"}],"replies":[{"embeddable":true,"href":"https:\/\/diarioregionaldigital.com.br\/index.php?rest_route=%2Fwp%2Fv2%2Fcomments&post=91394"}],"version-history":[{"count":0,"href":"https:\/\/diarioregionaldigital.com.br\/index.php?rest_route=\/wp\/v2\/posts\/91394\/revisions"}],"wp:featuredmedia":[{"embeddable":true,"href":"https:\/\/diarioregionaldigital.com.br\/index.php?rest_route=\/wp\/v2\/media\/91393"}],"wp:attachment":[{"href":"https:\/\/diarioregionaldigital.com.br\/index.php?rest_route=%2Fwp%2Fv2%2Fmedia&parent=91394"}],"wp:term":[{"taxonomy":"category","embeddable":true,"href":"https:\/\/diarioregionaldigital.com.br\/index.php?rest_route=%2Fwp%2Fv2%2Fcategories&post=91394"},{"taxonomy":"post_tag","embeddable":true,"href":"https:\/\/diarioregionaldigital.com.br\/index.php?rest_route=%2Fwp%2Fv2%2Ftags&post=91394"}],"curies":[{"name":"wp","href":"https:\/\/api.w.org\/{rel}","templated":true}]}}