{"id":91392,"date":"2018-02-07T17:22:16","date_gmt":"2018-02-07T19:22:16","guid":{"rendered":"http:\/\/diarioregionaljf.com.br\/2018\/02\/07\/governo-brasileiro-repudia-decisoes-da-venezuela-contra-oposicionistas\/"},"modified":"2018-02-07T17:22:16","modified_gmt":"2018-02-07T19:22:16","slug":"governo-brasileiro-repudia-decisoes-da-venezuela-contra-oposicionistas","status":"publish","type":"post","link":"https:\/\/diarioregionaldigital.com.br\/?p=91392","title":{"rendered":"Governo brasileiro repudia decis\u00f5es da Venezuela contra oposicionistas"},"content":{"rendered":"<p>O governo brasileiro repudiou nessa ter\u00e7a-feira, 6, decis\u00f5es da Venezuela desfavor\u00e1veis a partidos e candidatos oposicionistas naquele pa\u00eds. Em nota, o Minist\u00e9rio das Rela\u00e7\u00f5es Exteriores considera que h\u00e1 um \u201csistem\u00e1tico e inaceit\u00e1vel empenho do regime autorit\u00e1rio venezuelano em eliminar da atividade pol\u00edtica, partidos, frentes e personalidades da oposi\u00e7\u00e3o\u201d.<\/p>\n<p>O Itamaraty disse que v\u00ea a decis\u00e3o como mais uma evid\u00eancia do \u201cabsoluto desapre\u00e7o\u201d das autoridades do pa\u00eds vizinho pelo pluralismo pol\u00edtico e partid\u00e1rio. O presidente da Venezuela, Nicol\u00e1s Maduro, vai disputar a reelei\u00e7\u00e3o nas elei\u00e7\u00f5es presidenciais antecipadas, que devem ser realizadas at\u00e9 o dia 30 de abril.<\/p>\n<p>O governo brasileiro cita na nota a decis\u00e3o tomada na \u00faltima sexta-feira, 2, pelo conselho eleitoral venezuelano que invalidou o partido Primero Justicia, do oposicionista Henrique Capriles, e afirma que tal medida se soma \u00e0 inabilita\u00e7\u00e3o das agremia\u00e7\u00f5es Mesa de la Unidad Democr\u00e1tica e Voluntad Popular e a cassa\u00e7\u00e3o dos direitos dos oposicionistas Leopoldo L\u00f3pez, Ant\u00f4nio Ledezma, Maria Corina Machado, Henrique Capriles, Freddy Guevara e David Smolanski, entre outros.<\/p>\n<p>\u201cO governo brasileiro reitera sua convic\u00e7\u00e3o de que a reconcilia\u00e7\u00e3o do povo venezuelano haver\u00e1 de resultar de um di\u00e1logo de boa f\u00e9, com ampla participa\u00e7\u00e3o das for\u00e7as da oposi\u00e7\u00e3o e da sociedade civil, em busca de uma sa\u00edda pac\u00edfica para a crise que tanto aflige esse povo irm\u00e3o\u201d, conclui a nota.<\/p>\n<p>Fonte: Ag\u00eancia Brasil<\/p>\n","protected":false},"excerpt":{"rendered":"<p>O governo brasileiro repudiou nessa ter\u00e7a-feira, 6, decis\u00f5es da Venezuela desfavor\u00e1veis a partidos e candidatos oposicionistas naquele pa\u00eds. Em nota, o Minist\u00e9rio das Rela\u00e7\u00f5es Exteriores considera que h\u00e1 um \u201csistem\u00e1tico e inaceit\u00e1vel empenho do regime autorit\u00e1rio venezuelano em eliminar da atividade pol\u00edtica, partidos, frentes e personalidades da oposi\u00e7\u00e3o\u201d. O Itamaraty disse que v\u00ea a decis\u00e3o [&hellip;]<\/p>\n","protected":false},"author":96,"featured_media":91391,"comment_status":"closed","ping_status":"closed","sticky":false,"template":"","format":"standard","meta":{"footnotes":""},"categories":[302],"tags":[],"class_list":["post-91392","post","type-post","status-publish","format-standard","has-post-thumbnail","hentry","category-brasil-mundo"],"_links":{"self":[{"href":"https:\/\/diarioregionaldigital.com.br\/index.php?rest_route=\/wp\/v2\/posts\/91392","targetHints":{"allow":["GET"]}}],"collection":[{"href":"https:\/\/diarioregionaldigital.com.br\/index.php?rest_route=\/wp\/v2\/posts"}],"about":[{"href":"https:\/\/diarioregionaldigital.com.br\/index.php?rest_route=\/wp\/v2\/types\/post"}],"author":[{"embeddable":true,"href":"https:\/\/diarioregionaldigital.com.br\/index.php?rest_route=\/wp\/v2\/users\/96"}],"replies":[{"embeddable":true,"href":"https:\/\/diarioregionaldigital.com.br\/index.php?rest_route=%2Fwp%2Fv2%2Fcomments&post=91392"}],"version-history":[{"count":0,"href":"https:\/\/diarioregionaldigital.com.br\/index.php?rest_route=\/wp\/v2\/posts\/91392\/revisions"}],"wp:featuredmedia":[{"embeddable":true,"href":"https:\/\/diarioregionaldigital.com.br\/index.php?rest_route=\/wp\/v2\/media\/91391"}],"wp:attachment":[{"href":"https:\/\/diarioregionaldigital.com.br\/index.php?rest_route=%2Fwp%2Fv2%2Fmedia&parent=91392"}],"wp:term":[{"taxonomy":"category","embeddable":true,"href":"https:\/\/diarioregionaldigital.com.br\/index.php?rest_route=%2Fwp%2Fv2%2Fcategories&post=91392"},{"taxonomy":"post_tag","embeddable":true,"href":"https:\/\/diarioregionaldigital.com.br\/index.php?rest_route=%2Fwp%2Fv2%2Ftags&post=91392"}],"curies":[{"name":"wp","href":"https:\/\/api.w.org\/{rel}","templated":true}]}}