{"id":91390,"date":"2018-02-07T17:12:56","date_gmt":"2018-02-07T19:12:56","guid":{"rendered":"http:\/\/diarioregionaljf.com.br\/2018\/02\/07\/foguete-mais-potente-do-mundo-inicia-seu-primeiro-voo-nos-eua\/"},"modified":"2018-02-07T17:12:56","modified_gmt":"2018-02-07T19:12:56","slug":"foguete-mais-potente-do-mundo-inicia-seu-primeiro-voo-nos-eua","status":"publish","type":"post","link":"https:\/\/diarioregionaldigital.com.br\/?p=91390","title":{"rendered":"Foguete mais potente do mundo inicia seu primeiro voo nos EUA"},"content":{"rendered":"<p>O gigantesco foguete Falcon Heavy (Falc\u00e3o Pesado), da empresa privada SpaceX, iniciou nessa ter\u00e7a-feira, 6, no Centro Espacial John F. Kennedy em Cabo Canaveral, na Fl\u00f3rida, nos Estados Unidos, o seu primeiro voo, no qual colocar\u00e1 no espa\u00e7o um autom\u00f3vel el\u00e9trico Tesla. A informa\u00e7\u00e3o \u00e9 da EFE.<\/p>\n<p>O foguete, de 70 metros de altura e com capacidade para transportar mais de 66 toneladas, decolou \u00e0s 15h45 locais (18h45 em Bras\u00edlia) da plataforma LC-39A do centro da Nasa em Cabo Canaveral, a mesma de onde partiram os foguetes das miss\u00f5es Apolo com destino \u00e0 Lua entre os anos de 1961 e 1972.<\/p>\n<p>O dono da Space X \u00e9 o magnata, inventor e empreendedor Elon Musk, co-fundador e CEO da montadora de ve\u00edculos el\u00e9tricos Tesla Inc., dos EUA.<\/p>\n<p>Fonte: Ag\u00eancia Brasil<\/p>\n","protected":false},"excerpt":{"rendered":"<p>O gigantesco foguete Falcon Heavy (Falc\u00e3o Pesado), da empresa privada SpaceX, iniciou nessa ter\u00e7a-feira, 6, no Centro Espacial John F. Kennedy em Cabo Canaveral, na Fl\u00f3rida, nos Estados Unidos, o seu primeiro voo, no qual colocar\u00e1 no espa\u00e7o um autom\u00f3vel el\u00e9trico Tesla. A informa\u00e7\u00e3o \u00e9 da EFE. O foguete, de 70 metros de altura e [&hellip;]<\/p>\n","protected":false},"author":96,"featured_media":91389,"comment_status":"closed","ping_status":"closed","sticky":false,"template":"","format":"standard","meta":{"footnotes":""},"categories":[302],"tags":[],"class_list":["post-91390","post","type-post","status-publish","format-standard","has-post-thumbnail","hentry","category-brasil-mundo"],"_links":{"self":[{"href":"https:\/\/diarioregionaldigital.com.br\/index.php?rest_route=\/wp\/v2\/posts\/91390","targetHints":{"allow":["GET"]}}],"collection":[{"href":"https:\/\/diarioregionaldigital.com.br\/index.php?rest_route=\/wp\/v2\/posts"}],"about":[{"href":"https:\/\/diarioregionaldigital.com.br\/index.php?rest_route=\/wp\/v2\/types\/post"}],"author":[{"embeddable":true,"href":"https:\/\/diarioregionaldigital.com.br\/index.php?rest_route=\/wp\/v2\/users\/96"}],"replies":[{"embeddable":true,"href":"https:\/\/diarioregionaldigital.com.br\/index.php?rest_route=%2Fwp%2Fv2%2Fcomments&post=91390"}],"version-history":[{"count":0,"href":"https:\/\/diarioregionaldigital.com.br\/index.php?rest_route=\/wp\/v2\/posts\/91390\/revisions"}],"wp:featuredmedia":[{"embeddable":true,"href":"https:\/\/diarioregionaldigital.com.br\/index.php?rest_route=\/wp\/v2\/media\/91389"}],"wp:attachment":[{"href":"https:\/\/diarioregionaldigital.com.br\/index.php?rest_route=%2Fwp%2Fv2%2Fmedia&parent=91390"}],"wp:term":[{"taxonomy":"category","embeddable":true,"href":"https:\/\/diarioregionaldigital.com.br\/index.php?rest_route=%2Fwp%2Fv2%2Fcategories&post=91390"},{"taxonomy":"post_tag","embeddable":true,"href":"https:\/\/diarioregionaldigital.com.br\/index.php?rest_route=%2Fwp%2Fv2%2Ftags&post=91390"}],"curies":[{"name":"wp","href":"https:\/\/api.w.org\/{rel}","templated":true}]}}