{"id":91388,"date":"2018-02-07T16:04:51","date_gmt":"2018-02-07T18:04:51","guid":{"rendered":"http:\/\/diarioregionaljf.com.br\/2018\/02\/07\/concer-estima-340-mil-veiculos-na-br-040-durante-operacao-carnaval\/"},"modified":"2018-02-07T16:04:51","modified_gmt":"2018-02-07T18:04:51","slug":"concer-estima-340-mil-veiculos-na-br-040-durante-operacao-carnaval","status":"publish","type":"post","link":"https:\/\/diarioregionaldigital.com.br\/?p=91388","title":{"rendered":"Concer estima 340 mil ve\u00edculos na BR-040 durante opera\u00e7\u00e3o carnaval"},"content":{"rendered":"<p>A Concer estima que 340 mil ve\u00edculos trafeguem pela BR-040, entre o Rio de Janeiro e Juiz de Fora, durante a Opera\u00e7\u00e3o Carnaval, que come\u00e7a na pr\u00f3xima sexta-feira (9) e se estende at\u00e9 Quarta-Feira de Cinzas (14). Os hor\u00e1rios de pico no per\u00edodo tendem a ocorrer na sexta, das 15h \u00e0s 19h, s\u00e1bado, entre 8h e 14h, e na quarta, a partir de 14h.<\/p>\n<p>A Concer lembra que a restri\u00e7\u00e3o ao tr\u00e1fego de caminh\u00f5es e carretas com tr\u00eas eixos ou mais na pista de subida da Serra de Petr\u00f3polis vai vigorar na sexta e segunda-feira, dia 12 (v\u00e9spera de feriado), das 16h \u00e0s 22h, e no s\u00e1bado, das 8h \u00e0s 14h. O usu\u00e1rio tamb\u00e9m deve evitar trafegar pelo trecho ap\u00f3s o t\u00e9rmino da restri\u00e7\u00e3o, quando muitos ve\u00edculos de carga sobem a serra ao mesmo tempo, causando lentid\u00e3o ao tr\u00e1fego.<\/p>\n<p>A empresa informa que o trecho da Serra de Petr\u00f3polis, entre os kms 81 e 78, no sentido Juiz de Fora, opera em m\u00e3o dupla, com velocidade limitada a 50 km\/h e sem possibilidade de ultrapassagem. Tamb\u00e9m em Petr\u00f3polis, no distrito de Pedro do Rio, o km 49.5 est\u00e1 em meia pista no sentido RJ em raz\u00e3o de uma obra de conten\u00e7\u00e3o de encosta.<\/p>\n<p>As tr\u00eas pra\u00e7as de ped\u00e1gio da Concer ficam em Duque de Caxias (km 102), Areal (km 45) e Sim\u00e3o Pereira (km 816, em Minas Gerais). Em cada uma delas, o motorista conta com o posto do Servi\u00e7o de Informa\u00e7\u00e3o ao Usu\u00e1rio (SIU), espa\u00e7o climatizado que oferece \u00e1gua gelada, banheiros e atendentes treinados que fornecem informa\u00e7\u00f5es em geral sobre a rodovia. O servi\u00e7o funciona 24 horas por dia, 7 dias na semana. Em Caxias, o SIU est\u00e1 presente no km 104, nos dois sentidos da rodovia.<\/p>\n<p>Em caso de necessidade de atendimento m\u00e9dico ou mec\u00e2nico na rodovia, o motorista deve acionar a Concession\u00e1ria atrav\u00e9s da Central de Atendimento ao Usu\u00e1rio (0800-282-0040). Portadores de defici\u00eancia auditiva e de fala devem ligar para 0800-281-0041. O servi\u00e7o funciona 24 horas por dia, assim como a vistoria realizada pelos inspetores de tr\u00e1fego da Concer em toda a rodovia. Tanto as centrais como o www.concer.com.br informam ainda as condi\u00e7\u00f5es de tr\u00e2nsito e clima ao longo da BR-040.<\/p>\n<p>Outro recurso que facilita a comunica\u00e7\u00e3o do usu\u00e1rio com a Concer e o acesso a diversas informa\u00e7\u00f5es e servi\u00e7os prestados na rodovia \u00e9 o aplicativo para celulares e tablets. Com o App Concer o usu\u00e1rio recebe alertas e as condi\u00e7\u00f5es de tr\u00e2nsito e clima da rodovia, tem acesso a c\u00e2meras de monitoramento de trafego em pontos estrat\u00e9gicos e ainda pode acionar os socorros m\u00e9dico e mec\u00e2nico da Concess\u00e3o. O App est\u00e1 dispon\u00edvel nas lojas de aplicativos dos tr\u00eas sistemas operacionais para dispositivos m\u00f3veis e pelo concer.com.br\/app. Pelo WhatsApp Concer (21-99724-2655, Duque de Caxias| 97288-3912, Serra | 997848115, Itaipava-Juiz de Fora), o usu\u00e1rio tamb\u00e9m pode fazer contato com a empresa e saber sobre as condi\u00e7\u00f5es atualizadas de tr\u00e1fego. Quem trafega pelo trecho de Duque de Caxias, entre os kms 101 e 125, tamb\u00e9m pode utilizar o servi\u00e7o de wi-fi gratuito da Concer.<\/p>\n<p>A Concession\u00e1ria recomenda ainda que o motorista respeite a sinaliza\u00e7\u00e3o e os limites de velocidade, que variam ao longo da rodovia, e que verifique as condi\u00e7\u00f5es do ve\u00edculo antes de iniciar a viagem, com aten\u00e7\u00e3o ao bom funcionamento de freios, far\u00f3is e conserva\u00e7\u00e3o dos pneus, entre outros itens. Para fazer contato com o servi\u00e7o de emerg\u00eancia da Pol\u00edcia Rodovi\u00e1ria Federal, o usu\u00e1rio deve ligar para 191.<\/p>\n<p>Fonte: Assessoria \/ Concer<\/p>\n","protected":false},"excerpt":{"rendered":"<p>A Concer estima que 340 mil ve\u00edculos trafeguem pela BR-040, entre o Rio de Janeiro e Juiz de Fora, durante a Opera\u00e7\u00e3o Carnaval, que come\u00e7a na pr\u00f3xima sexta-feira (9) e se estende at\u00e9 Quarta-Feira de Cinzas (14). Os hor\u00e1rios de pico no per\u00edodo tendem a ocorrer na sexta, das 15h \u00e0s 19h, s\u00e1bado, entre 8h [&hellip;]<\/p>\n","protected":false},"author":96,"featured_media":91387,"comment_status":"closed","ping_status":"closed","sticky":false,"template":"","format":"standard","meta":{"footnotes":""},"categories":[252],"tags":[],"class_list":["post-91388","post","type-post","status-publish","format-standard","has-post-thumbnail","hentry","category-regiao"],"_links":{"self":[{"href":"https:\/\/diarioregionaldigital.com.br\/index.php?rest_route=\/wp\/v2\/posts\/91388","targetHints":{"allow":["GET"]}}],"collection":[{"href":"https:\/\/diarioregionaldigital.com.br\/index.php?rest_route=\/wp\/v2\/posts"}],"about":[{"href":"https:\/\/diarioregionaldigital.com.br\/index.php?rest_route=\/wp\/v2\/types\/post"}],"author":[{"embeddable":true,"href":"https:\/\/diarioregionaldigital.com.br\/index.php?rest_route=\/wp\/v2\/users\/96"}],"replies":[{"embeddable":true,"href":"https:\/\/diarioregionaldigital.com.br\/index.php?rest_route=%2Fwp%2Fv2%2Fcomments&post=91388"}],"version-history":[{"count":0,"href":"https:\/\/diarioregionaldigital.com.br\/index.php?rest_route=\/wp\/v2\/posts\/91388\/revisions"}],"wp:featuredmedia":[{"embeddable":true,"href":"https:\/\/diarioregionaldigital.com.br\/index.php?rest_route=\/wp\/v2\/media\/91387"}],"wp:attachment":[{"href":"https:\/\/diarioregionaldigital.com.br\/index.php?rest_route=%2Fwp%2Fv2%2Fmedia&parent=91388"}],"wp:term":[{"taxonomy":"category","embeddable":true,"href":"https:\/\/diarioregionaldigital.com.br\/index.php?rest_route=%2Fwp%2Fv2%2Fcategories&post=91388"},{"taxonomy":"post_tag","embeddable":true,"href":"https:\/\/diarioregionaldigital.com.br\/index.php?rest_route=%2Fwp%2Fv2%2Ftags&post=91388"}],"curies":[{"name":"wp","href":"https:\/\/api.w.org\/{rel}","templated":true}]}}