{"id":91386,"date":"2018-02-07T15:54:40","date_gmt":"2018-02-07T17:54:40","guid":{"rendered":"http:\/\/diarioregionaljf.com.br\/2018\/02\/07\/mulher-e-esfaqueada-por-outra-dentro-de-companhia-da-policia-militar\/"},"modified":"2018-02-07T15:54:40","modified_gmt":"2018-02-07T17:54:40","slug":"mulher-e-esfaqueada-por-outra-dentro-de-companhia-da-policia-militar","status":"publish","type":"post","link":"https:\/\/diarioregionaldigital.com.br\/?p=91386","title":{"rendered":"Mulher \u00e9 esfaqueada por outra dentro de Companhia da Pol\u00edcia Militar"},"content":{"rendered":"<p>Uma mulher de 37 anos foi v\u00edtima de uma tentativa de homic\u00eddio na noite desta ter\u00e7a-feira, 6, no bairro S\u00e3o Pedro, zona Oeste. O fato ocorreu dentro da 99\u00aa Cia da Pol\u00edcia Militar (PM), localizada na Rua Costa e Silva.<\/p>\n<p>De acordo com o registro de ocorr\u00eancias, a v\u00edtima foi at\u00e9 a companhia a fim de denunciar diversas amea\u00e7as que estaria recebendo de outra mulher, de 30 anos.<\/p>\n<p>Durante a confec\u00e7\u00e3o da ocorr\u00eancia, a mulher de 30 anos compareceu a delegacia a fim de apresentar sua vers\u00e3o sobre o caso. Assim que chegou ao local, pediu que pudesse ir at\u00e9 o banheiro e quando retornou estava armada com uma faca, vindo golpear a v\u00edtima na altura do pulm\u00e3o. O crime ocorreu em frente aos militares.<\/p>\n<p>A v\u00edtima foi socorrida pelos policiais e encaminhada para o Hospital de Pronto Socorro (HPS). Ela recebeu atendimento, n\u00e3o sendo constatada nenhuma perfura\u00e7\u00e3o nos pulm\u00f5es. A v\u00edtima ficou internada sem risco de morte.<\/p>\n<p>A autora foi presa em flagrante pela tentativa de homic\u00eddio.<\/p>\n","protected":false},"excerpt":{"rendered":"<p>Uma mulher de 37 anos foi v\u00edtima de uma tentativa de homic\u00eddio na noite desta ter\u00e7a-feira, 6, no bairro S\u00e3o Pedro, zona Oeste. O fato ocorreu dentro da 99\u00aa Cia da Pol\u00edcia Militar (PM), localizada na Rua Costa e Silva. De acordo com o registro de ocorr\u00eancias, a v\u00edtima foi at\u00e9 a companhia a fim [&hellip;]<\/p>\n","protected":false},"author":96,"featured_media":91385,"comment_status":"closed","ping_status":"closed","sticky":false,"template":"","format":"standard","meta":{"footnotes":""},"categories":[301],"tags":[],"class_list":["post-91386","post","type-post","status-publish","format-standard","has-post-thumbnail","hentry","category-artigos-policiais"],"_links":{"self":[{"href":"https:\/\/diarioregionaldigital.com.br\/index.php?rest_route=\/wp\/v2\/posts\/91386","targetHints":{"allow":["GET"]}}],"collection":[{"href":"https:\/\/diarioregionaldigital.com.br\/index.php?rest_route=\/wp\/v2\/posts"}],"about":[{"href":"https:\/\/diarioregionaldigital.com.br\/index.php?rest_route=\/wp\/v2\/types\/post"}],"author":[{"embeddable":true,"href":"https:\/\/diarioregionaldigital.com.br\/index.php?rest_route=\/wp\/v2\/users\/96"}],"replies":[{"embeddable":true,"href":"https:\/\/diarioregionaldigital.com.br\/index.php?rest_route=%2Fwp%2Fv2%2Fcomments&post=91386"}],"version-history":[{"count":0,"href":"https:\/\/diarioregionaldigital.com.br\/index.php?rest_route=\/wp\/v2\/posts\/91386\/revisions"}],"wp:featuredmedia":[{"embeddable":true,"href":"https:\/\/diarioregionaldigital.com.br\/index.php?rest_route=\/wp\/v2\/media\/91385"}],"wp:attachment":[{"href":"https:\/\/diarioregionaldigital.com.br\/index.php?rest_route=%2Fwp%2Fv2%2Fmedia&parent=91386"}],"wp:term":[{"taxonomy":"category","embeddable":true,"href":"https:\/\/diarioregionaldigital.com.br\/index.php?rest_route=%2Fwp%2Fv2%2Fcategories&post=91386"},{"taxonomy":"post_tag","embeddable":true,"href":"https:\/\/diarioregionaldigital.com.br\/index.php?rest_route=%2Fwp%2Fv2%2Ftags&post=91386"}],"curies":[{"name":"wp","href":"https:\/\/api.w.org\/{rel}","templated":true}]}}