{"id":91384,"date":"2018-02-07T14:16:38","date_gmt":"2018-02-07T16:16:38","guid":{"rendered":"http:\/\/diarioregionaljf.com.br\/2018\/02\/07\/temer-admite-mudancas-no-texto-para-aprovar-reforma-da-previdencia\/"},"modified":"2018-02-07T14:16:38","modified_gmt":"2018-02-07T16:16:38","slug":"temer-admite-mudancas-no-texto-para-aprovar-reforma-da-previdencia","status":"publish","type":"post","link":"https:\/\/diarioregionaldigital.com.br\/?p=91384","title":{"rendered":"Temer admite mudan\u00e7as no texto para aprovar reforma da Previd\u00eancia"},"content":{"rendered":"<p>Para aprovar a reforma da Previd\u00eancia, o presidente Michel Temer admitiu ceder na regra de transi\u00e7\u00e3o para ingressos no servi\u00e7o p\u00fablico at\u00e9 2003. O presidente tamb\u00e9m pode abrir m\u00e3o do limite de dois sal\u00e1rios m\u00ednimos no caso de ac\u00famulo de aposentadorias e benef\u00edcios, ampliando-o para o teto da Previd\u00eancia Social.<\/p>\n<p>\u201cSe decidirem que o ac\u00famulo da pens\u00e3o n\u00e3o ser\u00e1 at\u00e9 dois sal\u00e1rios m\u00ednimos, como est\u00e1 no projeto que vai ser apresentado amanh\u00e3 [7], e chegarem \u00e0 conclus\u00e3o de que deve ser o teto da Previd\u00eancia Social, de R$ 5.645, eu penso que, por for\u00e7a do di\u00e1logo, poder\u00e1 eventualmente chegar a isso. De igual maneira, a quest\u00e3o daqueles anteriores a 2003, uma regra de transi\u00e7\u00e3o\u201d, disse o presidente, em entrevista ao Jornal da Band,, exibida na noite desta ter\u00e7a-feira (6).<\/p>\n<p>Na entrevista, Temer voltou a citar a economia de R$ 600 bilh\u00f5es que o atual texto da reforma trar\u00e1 em 10 anos, mas admitiu uma redu\u00e7\u00e3o desse n\u00famero \u201cpara R$ 480 bilh\u00f5es ou qualquer coisa assim\u201d. O presidente abra\u00e7a a ideia de que uma redu\u00e7\u00e3o na economia prevista \u00e9 melhor do que economia nenhuma.<\/p>\n<p>O governo j\u00e1 vinha sinalizando a disposi\u00e7\u00e3o para o di\u00e1logo. Os \u00fanicos pontos inegoci\u00e1veis, de acordo com o pr\u00f3prio presidente e seus ministros, s\u00e3o o aumento da idade m\u00ednima para aposentadoria, al\u00e9m da unifica\u00e7\u00e3o do limite de benef\u00edcio, algo que o governo tem chamado de \u201cfim dos privil\u00e9gios\u201d.<\/p>\n<p><span style=\"font-size: 18pt;\">Pre\u00e7o da gasolina<\/span><\/p>\n<p>\u201cO que tem acontecido \u00e9 isso: vem um aumento, e o sujeito aumenta. Quando vem a redu\u00e7\u00e3o, o sujeito tira o aumento. Da\u00ed vem um novo aumento, ele aumenta de novo. Estamos examinando isso aqui, espero dar logo uma solu\u00e7\u00e3o\u201d.<\/p>\n<p>Temer disse que o governo estuda uma forma de garantir que a redu\u00e7\u00e3o chegue at\u00e9 a bomba de combust\u00edvel. \u201cEstamos vendo f\u00f3rmulas jur\u00eddicas de como obrigar, quando haja redu\u00e7\u00e3o do pre\u00e7o do combust\u00edvel, que tamb\u00e9m isto repercuta na bomba\u201d.<\/p>\n<p>Fonte: Ag\u00eancia Brasil<\/p>\n","protected":false},"excerpt":{"rendered":"<p>Para aprovar a reforma da Previd\u00eancia, o presidente Michel Temer admitiu ceder na regra de transi\u00e7\u00e3o para ingressos no servi\u00e7o p\u00fablico at\u00e9 2003. O presidente tamb\u00e9m pode abrir m\u00e3o do limite de dois sal\u00e1rios m\u00ednimos no caso de ac\u00famulo de aposentadorias e benef\u00edcios, ampliando-o para o teto da Previd\u00eancia Social. \u201cSe decidirem que o ac\u00famulo [&hellip;]<\/p>\n","protected":false},"author":96,"featured_media":91383,"comment_status":"closed","ping_status":"closed","sticky":false,"template":"","format":"standard","meta":{"footnotes":""},"categories":[254],"tags":[],"class_list":["post-91384","post","type-post","status-publish","format-standard","has-post-thumbnail","hentry","category-politica"],"_links":{"self":[{"href":"https:\/\/diarioregionaldigital.com.br\/index.php?rest_route=\/wp\/v2\/posts\/91384","targetHints":{"allow":["GET"]}}],"collection":[{"href":"https:\/\/diarioregionaldigital.com.br\/index.php?rest_route=\/wp\/v2\/posts"}],"about":[{"href":"https:\/\/diarioregionaldigital.com.br\/index.php?rest_route=\/wp\/v2\/types\/post"}],"author":[{"embeddable":true,"href":"https:\/\/diarioregionaldigital.com.br\/index.php?rest_route=\/wp\/v2\/users\/96"}],"replies":[{"embeddable":true,"href":"https:\/\/diarioregionaldigital.com.br\/index.php?rest_route=%2Fwp%2Fv2%2Fcomments&post=91384"}],"version-history":[{"count":0,"href":"https:\/\/diarioregionaldigital.com.br\/index.php?rest_route=\/wp\/v2\/posts\/91384\/revisions"}],"wp:featuredmedia":[{"embeddable":true,"href":"https:\/\/diarioregionaldigital.com.br\/index.php?rest_route=\/wp\/v2\/media\/91383"}],"wp:attachment":[{"href":"https:\/\/diarioregionaldigital.com.br\/index.php?rest_route=%2Fwp%2Fv2%2Fmedia&parent=91384"}],"wp:term":[{"taxonomy":"category","embeddable":true,"href":"https:\/\/diarioregionaldigital.com.br\/index.php?rest_route=%2Fwp%2Fv2%2Fcategories&post=91384"},{"taxonomy":"post_tag","embeddable":true,"href":"https:\/\/diarioregionaldigital.com.br\/index.php?rest_route=%2Fwp%2Fv2%2Ftags&post=91384"}],"curies":[{"name":"wp","href":"https:\/\/api.w.org\/{rel}","templated":true}]}}