{"id":91382,"date":"2018-02-07T12:51:30","date_gmt":"2018-02-07T14:51:30","guid":{"rendered":"http:\/\/diarioregionaljf.com.br\/2018\/02\/07\/jovem-e-morta-com-cinco-tiros-no-bairro-sao-tarcisio\/"},"modified":"2018-02-07T12:51:30","modified_gmt":"2018-02-07T14:51:30","slug":"jovem-e-morta-com-cinco-tiros-no-bairro-sao-tarcisio","status":"publish","type":"post","link":"https:\/\/diarioregionaldigital.com.br\/?p=91382","title":{"rendered":"Jovem \u00e9 morta com cinco tiros no bairro S\u00e3o Tarc\u00edsio"},"content":{"rendered":"<p>Uma jovem de 26 anos foi v\u00edtima de um homic\u00eddio no in\u00edcio da madrugada desta quarta-feira, 7, no bairro S\u00e3o Tarc\u00edsio, localizado na zona Sudeste.<\/p>\n<p>De acordo com informa\u00e7\u00f5es da Pol\u00edcia Militar (PM), ap\u00f3s receberam informa\u00e7\u00f5es de disparos via disque 190, uma viatura compareceu at\u00e9 a Rua Vicente Vieira da Mota. Ao chegarem ao local se depararam com o corpo da v\u00edtima ca\u00eddo ao solo.<\/p>\n<p>Uma equipe do Servi\u00e7o de Atendimento M\u00f3vel de Urg\u00eancia (SAMU) estava presente no local, e constataram que a v\u00edtima j\u00e1 se encontrava sem vida.<\/p>\n<p>A per\u00edcia tamb\u00e9m se fez presente, identificando cinco perfura\u00e7\u00f5es por arma de fogo.<\/p>\n<p>O corpo foi recolhido por uma funer\u00e1ria de plant\u00e3o.<\/p>\n<p>Em contato com familiares da v\u00edtima e outras pessoas, n\u00e3o foi poss\u00edvel levantar autoria nem a motiva\u00e7\u00e3o do crime.<\/p>\n<p>V\u00edtima possu\u00eda passagem por tr\u00e1fico de drogas.<\/p>\n<p>N\u00e3o houve testemunhas do crime, apenas da atua\u00e7\u00e3o das equipes envolvidas.<\/p>\n","protected":false},"excerpt":{"rendered":"<p>Uma jovem de 26 anos foi v\u00edtima de um homic\u00eddio no in\u00edcio da madrugada desta quarta-feira, 7, no bairro S\u00e3o Tarc\u00edsio, localizado na zona Sudeste. De acordo com informa\u00e7\u00f5es da Pol\u00edcia Militar (PM), ap\u00f3s receberam informa\u00e7\u00f5es de disparos via disque 190, uma viatura compareceu at\u00e9 a Rua Vicente Vieira da Mota. Ao chegarem ao local [&hellip;]<\/p>\n","protected":false},"author":96,"featured_media":91381,"comment_status":"closed","ping_status":"closed","sticky":false,"template":"","format":"standard","meta":{"footnotes":""},"categories":[301],"tags":[],"class_list":["post-91382","post","type-post","status-publish","format-standard","has-post-thumbnail","hentry","category-artigos-policiais"],"_links":{"self":[{"href":"https:\/\/diarioregionaldigital.com.br\/index.php?rest_route=\/wp\/v2\/posts\/91382","targetHints":{"allow":["GET"]}}],"collection":[{"href":"https:\/\/diarioregionaldigital.com.br\/index.php?rest_route=\/wp\/v2\/posts"}],"about":[{"href":"https:\/\/diarioregionaldigital.com.br\/index.php?rest_route=\/wp\/v2\/types\/post"}],"author":[{"embeddable":true,"href":"https:\/\/diarioregionaldigital.com.br\/index.php?rest_route=\/wp\/v2\/users\/96"}],"replies":[{"embeddable":true,"href":"https:\/\/diarioregionaldigital.com.br\/index.php?rest_route=%2Fwp%2Fv2%2Fcomments&post=91382"}],"version-history":[{"count":0,"href":"https:\/\/diarioregionaldigital.com.br\/index.php?rest_route=\/wp\/v2\/posts\/91382\/revisions"}],"wp:featuredmedia":[{"embeddable":true,"href":"https:\/\/diarioregionaldigital.com.br\/index.php?rest_route=\/wp\/v2\/media\/91381"}],"wp:attachment":[{"href":"https:\/\/diarioregionaldigital.com.br\/index.php?rest_route=%2Fwp%2Fv2%2Fmedia&parent=91382"}],"wp:term":[{"taxonomy":"category","embeddable":true,"href":"https:\/\/diarioregionaldigital.com.br\/index.php?rest_route=%2Fwp%2Fv2%2Fcategories&post=91382"},{"taxonomy":"post_tag","embeddable":true,"href":"https:\/\/diarioregionaldigital.com.br\/index.php?rest_route=%2Fwp%2Fv2%2Ftags&post=91382"}],"curies":[{"name":"wp","href":"https:\/\/api.w.org\/{rel}","templated":true}]}}