{"id":91380,"date":"2018-02-07T12:17:40","date_gmt":"2018-02-07T14:17:40","guid":{"rendered":"http:\/\/diarioregionaljf.com.br\/2018\/02\/07\/jovem-e-assassinado-a-facadas-no-centro-da-cidade\/"},"modified":"2018-02-07T12:17:40","modified_gmt":"2018-02-07T14:17:40","slug":"jovem-e-assassinado-a-facadas-no-centro-da-cidade","status":"publish","type":"post","link":"https:\/\/diarioregionaldigital.com.br\/?p=91380","title":{"rendered":"Jovem \u00e9 assassinado a facadas no centro da cidade"},"content":{"rendered":"<p>Um jovem de 21 anos foi v\u00edtima de um homic\u00eddio na noite desta ter\u00e7a-feira, 6, no centro de Juiz de Fora.<\/p>\n<p>De acordo com o registro de ocorr\u00eancias da Pol\u00edcia Militar (PM), uma viatura compareceu at\u00e9 a esquina da Rua Roberto de Barros com a Rua Benjamin Constant a fim de atender uma ocorr\u00eancia de briga. Ao chegar ao local, os policiais se depararam com o corpo da v\u00edtima ensanguentado e ca\u00eddo ao solo, apresentando um ferimento de facadas na altura da barriga.<\/p>\n<p>O Servi\u00e7o de Atendimento M\u00f3vel de Urg\u00eancia (SAMU) foi acionado, entretanto, a v\u00edtima j\u00e1 n\u00e3o possu\u00eda sinais vitais, sendo constatadas cinco facadas, na regi\u00e3o do t\u00f3rax e barriga.<\/p>\n<p>A PM iniciou buscas pelo local e constatou que o suspeito do crime teria jogado a arma do crime no estacionamento de um mercado pr\u00f3ximo ao local. A arma foi apreendida.<\/p>\n<p>Durante buscas pela regi\u00e3o e com o apoio do programa \u201cOlho Vivo\u201d, os policiais localizaram um indiv\u00edduo suspeito pr\u00f3ximo ao local do crime. O homem, de 31 anos, foi abordado e relatou aos militares que em data passada o autor do crime, um jovem de 22 anos, teria roubado o celular da v\u00edtima. O jovem ent\u00e3o, sabendo que o autor estaria jogando sinuca em um bar do centro, resolveu comparecer ao local para cobrar o celular roubado, chegando a discutir com o mesmo.<\/p>\n<p>Continuando o relato aos policiais, o suspeito explicou que acompanhou a briga, na qual, em determinado momento, a v\u00edtima percebeu que o autor estava armado com uma faca e decidiu fugir para n\u00e3o sofrer nenhum ataque. Ele fugiu at\u00e9 um ponto de \u00f4nibus no local, sendo perseguido pelo autor e outros quatro indiv\u00edduos.<\/p>\n<p>O jovem tentou entrar em um \u00f4nibus estacionado no local, entretanto o motorista fechou a porta e partiu com o ve\u00edculo. Nesse momento o autor puxou a v\u00edtima pelo bra\u00e7o e passou a golpe\u00e1-la com a faca.<\/p>\n<p>A testemunha relatou que presenciou o momento do crime e por isso fugiu com medo de ser alcan\u00e7ado pelo autor.<\/p>\n<p>Uma per\u00edcia foi realizada no local e o corpo liberado para a funer\u00e1ria.<\/p>\n<p>A PM n\u00e3o encontrou o autor e nenhum dos outros quatro envolvidos que teriam perseguido a v\u00edtima.<\/p>\n","protected":false},"excerpt":{"rendered":"<p>Um jovem de 21 anos foi v\u00edtima de um homic\u00eddio na noite desta ter\u00e7a-feira, 6, no centro de Juiz de Fora. De acordo com o registro de ocorr\u00eancias da Pol\u00edcia Militar (PM), uma viatura compareceu at\u00e9 a esquina da Rua Roberto de Barros com a Rua Benjamin Constant a fim de atender uma ocorr\u00eancia de [&hellip;]<\/p>\n","protected":false},"author":96,"featured_media":91379,"comment_status":"closed","ping_status":"closed","sticky":false,"template":"","format":"standard","meta":{"footnotes":""},"categories":[301],"tags":[],"class_list":["post-91380","post","type-post","status-publish","format-standard","has-post-thumbnail","hentry","category-artigos-policiais"],"_links":{"self":[{"href":"https:\/\/diarioregionaldigital.com.br\/index.php?rest_route=\/wp\/v2\/posts\/91380","targetHints":{"allow":["GET"]}}],"collection":[{"href":"https:\/\/diarioregionaldigital.com.br\/index.php?rest_route=\/wp\/v2\/posts"}],"about":[{"href":"https:\/\/diarioregionaldigital.com.br\/index.php?rest_route=\/wp\/v2\/types\/post"}],"author":[{"embeddable":true,"href":"https:\/\/diarioregionaldigital.com.br\/index.php?rest_route=\/wp\/v2\/users\/96"}],"replies":[{"embeddable":true,"href":"https:\/\/diarioregionaldigital.com.br\/index.php?rest_route=%2Fwp%2Fv2%2Fcomments&post=91380"}],"version-history":[{"count":0,"href":"https:\/\/diarioregionaldigital.com.br\/index.php?rest_route=\/wp\/v2\/posts\/91380\/revisions"}],"wp:featuredmedia":[{"embeddable":true,"href":"https:\/\/diarioregionaldigital.com.br\/index.php?rest_route=\/wp\/v2\/media\/91379"}],"wp:attachment":[{"href":"https:\/\/diarioregionaldigital.com.br\/index.php?rest_route=%2Fwp%2Fv2%2Fmedia&parent=91380"}],"wp:term":[{"taxonomy":"category","embeddable":true,"href":"https:\/\/diarioregionaldigital.com.br\/index.php?rest_route=%2Fwp%2Fv2%2Fcategories&post=91380"},{"taxonomy":"post_tag","embeddable":true,"href":"https:\/\/diarioregionaldigital.com.br\/index.php?rest_route=%2Fwp%2Fv2%2Ftags&post=91380"}],"curies":[{"name":"wp","href":"https:\/\/api.w.org\/{rel}","templated":true}]}}