{"id":91378,"date":"2018-02-07T11:41:56","date_gmt":"2018-02-07T13:41:56","guid":{"rendered":"http:\/\/diarioregionaljf.com.br\/2018\/02\/07\/jovem-leva-facadas-durante-briga-no-bairro-novo-triunfo\/"},"modified":"2018-02-07T11:41:56","modified_gmt":"2018-02-07T13:41:56","slug":"jovem-leva-facadas-durante-briga-no-bairro-novo-triunfo","status":"publish","type":"post","link":"https:\/\/diarioregionaldigital.com.br\/?p=91378","title":{"rendered":"Jovem leva facadas durante briga no bairro Novo Triunfo"},"content":{"rendered":"<p>Um jovem de 17 anos foi v\u00edtima de tentativa de homic\u00eddio na tarde desta ter\u00e7a-feira, 6, no bairro Novo Triunfo, localizado na zona Norte de Juiz de Fora.<\/p>\n<p>De acordo com o registro de ocorr\u00eancias da Pol\u00edcia Militar (PM), o jovem de 17 anos e outros quatro indiv\u00edduos, dois jovens de 18 anos, um de 24 e um menor, de 16 anos, se envolveram em uma briga, na qual um dos autores desferiu facadas na v\u00edtima.<\/p>\n<p>Os policiais atenderam ao chamado de ocorr\u00eancia referente \u00e0 briga, ocorrida na Rua Sebasti\u00e3o da Silva J\u00fanior, n\u00e3o localizando mais os envolvidos. A v\u00edtima j\u00e1 havia sido resgatada pela equipe do Servi\u00e7o de Atendimento M\u00f3vel de Urg\u00eancia (SAMU) e levada para Unidade de Pronto Atendimento (UPA) Norte.<\/p>\n<p>A viatura se deslocou at\u00e9 a unidade de atendimento e no local encontrou o menor, de 16 anos, que tamb\u00e9m envolveu-se na briga. Ele relatou aos policiais que seguia com a v\u00edtima por uma rua quando encontraram com um jovem de 18 anos, contra qual existia uma desaven\u00e7a por motivos f\u00fateis. Durante o encontro ocorreram discuss\u00f5es.<\/p>\n<p>Tamb\u00e9m relatou que ap\u00f3s as discuss\u00f5es, ele e a v\u00edtima seguiram para resid\u00eancia onde moram no bairro, Novo Triunfo. Neste momento um carro, da marca VW Gol, chegou at\u00e9 o local com o jovem de 18 anos que com o qual havia discutido momentos antes, outro jovem de 18 anos e outro de 24, al\u00e9m de uma menor, de 14 anos.<\/p>\n<p>O grupo desceu do ve\u00edculo e no local iniciaram a briga. O menor, de 16 anos, explicou que carregava uma faca na cintura e que durante a confus\u00e3o, a mesma teria ca\u00eddo ao solo, momento em que o autor de 24 anos a pegou e desferiu facadas contra o jovem de 17 anos.<\/p>\n<p>Diante dos fatos, os policiais se deslocaram at\u00e9 a resid\u00eancia da menor, de 14 anos, que teria testemunhado os fatos, sem ter participado da briga. No local os dois autores, de 18 anos, foram encontrados, al\u00e9m da menor. Ela confirmou todos os fatos relatados pelo menor, de 16 anos, e acrescentou que o mesmo portava um peda\u00e7o de madeira durante a briga. Entretanto n\u00e3o soube confirmar quem teria dado as facadas na v\u00edtima. Um dos autores, de 18, que \u00e9 namorado da menor, confirmou a vers\u00e3o da mesma.<\/p>\n<p>O jovem de 24 anos, que participou da briga, n\u00e3o foi encontrado pela PM.<\/p>\n<p>A v\u00edtima foi transferida da UPA Norte at\u00e9 o Pronto socorro Jo\u00e3o XXIII, sendo submetida \u00e0 cirurgia devido ferimentos de faca no abd\u00f4men e no bra\u00e7o esquerdo, sem risco de morte. Os policiais n\u00e3o conseguiram recolher sua vers\u00e3o da hist\u00f3ria.<\/p>\n<p>Os dois jovens de 18 anos e o menor, de 16 anos, foram encaminhados para a delegacia.<\/p>\n","protected":false},"excerpt":{"rendered":"<p>Um jovem de 17 anos foi v\u00edtima de tentativa de homic\u00eddio na tarde desta ter\u00e7a-feira, 6, no bairro Novo Triunfo, localizado na zona Norte de Juiz de Fora. De acordo com o registro de ocorr\u00eancias da Pol\u00edcia Militar (PM), o jovem de 17 anos e outros quatro indiv\u00edduos, dois jovens de 18 anos, um de [&hellip;]<\/p>\n","protected":false},"author":96,"featured_media":91377,"comment_status":"closed","ping_status":"closed","sticky":false,"template":"","format":"standard","meta":{"footnotes":""},"categories":[301],"tags":[],"class_list":["post-91378","post","type-post","status-publish","format-standard","has-post-thumbnail","hentry","category-artigos-policiais"],"_links":{"self":[{"href":"https:\/\/diarioregionaldigital.com.br\/index.php?rest_route=\/wp\/v2\/posts\/91378","targetHints":{"allow":["GET"]}}],"collection":[{"href":"https:\/\/diarioregionaldigital.com.br\/index.php?rest_route=\/wp\/v2\/posts"}],"about":[{"href":"https:\/\/diarioregionaldigital.com.br\/index.php?rest_route=\/wp\/v2\/types\/post"}],"author":[{"embeddable":true,"href":"https:\/\/diarioregionaldigital.com.br\/index.php?rest_route=\/wp\/v2\/users\/96"}],"replies":[{"embeddable":true,"href":"https:\/\/diarioregionaldigital.com.br\/index.php?rest_route=%2Fwp%2Fv2%2Fcomments&post=91378"}],"version-history":[{"count":0,"href":"https:\/\/diarioregionaldigital.com.br\/index.php?rest_route=\/wp\/v2\/posts\/91378\/revisions"}],"wp:featuredmedia":[{"embeddable":true,"href":"https:\/\/diarioregionaldigital.com.br\/index.php?rest_route=\/wp\/v2\/media\/91377"}],"wp:attachment":[{"href":"https:\/\/diarioregionaldigital.com.br\/index.php?rest_route=%2Fwp%2Fv2%2Fmedia&parent=91378"}],"wp:term":[{"taxonomy":"category","embeddable":true,"href":"https:\/\/diarioregionaldigital.com.br\/index.php?rest_route=%2Fwp%2Fv2%2Fcategories&post=91378"},{"taxonomy":"post_tag","embeddable":true,"href":"https:\/\/diarioregionaldigital.com.br\/index.php?rest_route=%2Fwp%2Fv2%2Ftags&post=91378"}],"curies":[{"name":"wp","href":"https:\/\/api.w.org\/{rel}","templated":true}]}}