{"id":91370,"date":"2018-02-07T10:34:13","date_gmt":"2018-02-07T12:34:13","guid":{"rendered":"http:\/\/diarioregionaljf.com.br\/2018\/02\/07\/tupi-anuncia-retorno-do-volante-leo-salino\/"},"modified":"2018-02-07T10:34:13","modified_gmt":"2018-02-07T12:34:13","slug":"tupi-anuncia-retorno-do-volante-leo-salino","status":"publish","type":"post","link":"https:\/\/diarioregionaldigital.com.br\/?p=91370","title":{"rendered":"Tupi anuncia retorno do volante L\u00e9o Salino"},"content":{"rendered":"<p>Foi anunciado como refor\u00e7o do Galo Carij\u00f3 na noite dessa segunda-feira, 5, o volante L\u00e9o Salina, os 32 anos, o jogador vai para a quinta passagem pelo clube. O \u00faltimo time dele foi o Cuiab\u00e1, na S\u00e9rie C de 2017. O irm\u00e3o dele, Leandro Salino,&nbsp;tamb\u00e9m mant\u00e9m negocia\u00e7\u00e3o com o Tupi.<\/p>\n<p>Depois de ter vestido a camisa do Galo em 2008, 2010 e 2012, Salino voltou ao Carij\u00f3 em 2014, sob protestos da torcida, mas foi figura importante na boa campanha do Tupi na S\u00e9rie C daquele ano, sob comando de L\u00e9o Cond\u00e9.<\/p>\n","protected":false},"excerpt":{"rendered":"<p>Foi anunciado como refor\u00e7o do Galo Carij\u00f3 na noite dessa segunda-feira, 5, o volante L\u00e9o Salina, os 32 anos, o jogador vai para a quinta passagem pelo clube. O \u00faltimo time dele foi o Cuiab\u00e1, na S\u00e9rie C de 2017. O irm\u00e3o dele, Leandro Salino,&nbsp;tamb\u00e9m mant\u00e9m negocia\u00e7\u00e3o com o Tupi. Depois de ter vestido a [&hellip;]<\/p>\n","protected":false},"author":96,"featured_media":91369,"comment_status":"closed","ping_status":"closed","sticky":false,"template":"","format":"standard","meta":{"footnotes":""},"categories":[257],"tags":[],"class_list":["post-91370","post","type-post","status-publish","format-standard","has-post-thumbnail","hentry","category-esporte"],"_links":{"self":[{"href":"https:\/\/diarioregionaldigital.com.br\/index.php?rest_route=\/wp\/v2\/posts\/91370","targetHints":{"allow":["GET"]}}],"collection":[{"href":"https:\/\/diarioregionaldigital.com.br\/index.php?rest_route=\/wp\/v2\/posts"}],"about":[{"href":"https:\/\/diarioregionaldigital.com.br\/index.php?rest_route=\/wp\/v2\/types\/post"}],"author":[{"embeddable":true,"href":"https:\/\/diarioregionaldigital.com.br\/index.php?rest_route=\/wp\/v2\/users\/96"}],"replies":[{"embeddable":true,"href":"https:\/\/diarioregionaldigital.com.br\/index.php?rest_route=%2Fwp%2Fv2%2Fcomments&post=91370"}],"version-history":[{"count":0,"href":"https:\/\/diarioregionaldigital.com.br\/index.php?rest_route=\/wp\/v2\/posts\/91370\/revisions"}],"wp:featuredmedia":[{"embeddable":true,"href":"https:\/\/diarioregionaldigital.com.br\/index.php?rest_route=\/wp\/v2\/media\/91369"}],"wp:attachment":[{"href":"https:\/\/diarioregionaldigital.com.br\/index.php?rest_route=%2Fwp%2Fv2%2Fmedia&parent=91370"}],"wp:term":[{"taxonomy":"category","embeddable":true,"href":"https:\/\/diarioregionaldigital.com.br\/index.php?rest_route=%2Fwp%2Fv2%2Fcategories&post=91370"},{"taxonomy":"post_tag","embeddable":true,"href":"https:\/\/diarioregionaldigital.com.br\/index.php?rest_route=%2Fwp%2Fv2%2Ftags&post=91370"}],"curies":[{"name":"wp","href":"https:\/\/api.w.org\/{rel}","templated":true}]}}