{"id":91368,"date":"2018-02-07T10:27:44","date_gmt":"2018-02-07T12:27:44","guid":{"rendered":"http:\/\/diarioregionaljf.com.br\/2018\/02\/07\/congresso-tecnico-da-copa-jf-de-futebol-acontece-nesta-semana\/"},"modified":"2018-02-07T10:27:44","modified_gmt":"2018-02-07T12:27:44","slug":"congresso-tecnico-da-copa-jf-de-futebol-acontece-nesta-semana","status":"publish","type":"post","link":"https:\/\/diarioregionaldigital.com.br\/?p=91368","title":{"rendered":"Congresso t\u00e9cnico da Copa JF de Futebol acontece nesta semana"},"content":{"rendered":"<p>Nesta semana acontece o congresso t\u00e9cnico com as equipes inscritas na edi\u00e7\u00e3o 2018 da Copa Juiz de Fora de Futebol Amador. O evento tem como objetivo apresentar \u00e0s agremia\u00e7\u00f5es o cronograma, sanar d\u00favidas e discutir as quest\u00f5es relevantes \u00e0 competi\u00e7\u00e3o, al\u00e9m de realizar o sorteio de chaves. A programa\u00e7\u00e3o come\u00e7a \u00e0s 18 horas, para a categoria adulta, e, nesta quarta-feira, no mesmo hor\u00e1rio, ser\u00e1 a vez das demais categorias. Os encontros ser\u00e3o no audit\u00f3rio da Secretaria de Esporte e Lazer (SEL) da Prefeitura de Juiz de Fora (PJF), na Avenida Rui Barbosa, 530, Bairro Santa Terezinha. \u00c9 obrigat\u00f3ria a participa\u00e7\u00e3o de representantes dos times inscritos.<\/p>\n<p> A SEL, respons\u00e1vel pela competi\u00e7\u00e3o junto \u00e0 Liga de Futebol de Juiz de Fora, recebeu na sexta-feira, 2, as fichas de inscri\u00e7\u00e3o das equipes. S\u00e3o 98 times, sendo 39 na categoria adulta, 14 na veterana, oito na master, 13 na supermaster, 20 na s\u00eanior e quatro na feminina.<\/p>\n<p> A Copa Juiz de Fora de Futebol Amador \u00e9 coordenada pelo Departamento de Fomento \u00e0s Pol\u00edticas de Esporte e Lazer. A disputa \u00e9 realizada com objetivo de incentivar educacionalmente a pr\u00e1tica do futebol, promover o interc\u00e2mbio desportivo e social, integrar socialmente, atrav\u00e9s da pr\u00e1tica desportiva, e dar cumprimento \u00e0s diretrizes do Governo municipal, referentes ao esporte na cidade.<\/p>\n<p> Para outras informa\u00e7\u00f5es,&nbsp;ligue para 3690-7856.<\/p>\n","protected":false},"excerpt":{"rendered":"<p>Nesta semana acontece o congresso t\u00e9cnico com as equipes inscritas na edi\u00e7\u00e3o 2018 da Copa Juiz de Fora de Futebol Amador. O evento tem como objetivo apresentar \u00e0s agremia\u00e7\u00f5es o cronograma, sanar d\u00favidas e discutir as quest\u00f5es relevantes \u00e0 competi\u00e7\u00e3o, al\u00e9m de realizar o sorteio de chaves. A programa\u00e7\u00e3o come\u00e7a \u00e0s 18 horas, para a [&hellip;]<\/p>\n","protected":false},"author":96,"featured_media":91367,"comment_status":"closed","ping_status":"closed","sticky":false,"template":"","format":"standard","meta":{"footnotes":""},"categories":[257],"tags":[],"class_list":["post-91368","post","type-post","status-publish","format-standard","has-post-thumbnail","hentry","category-esporte"],"_links":{"self":[{"href":"https:\/\/diarioregionaldigital.com.br\/index.php?rest_route=\/wp\/v2\/posts\/91368","targetHints":{"allow":["GET"]}}],"collection":[{"href":"https:\/\/diarioregionaldigital.com.br\/index.php?rest_route=\/wp\/v2\/posts"}],"about":[{"href":"https:\/\/diarioregionaldigital.com.br\/index.php?rest_route=\/wp\/v2\/types\/post"}],"author":[{"embeddable":true,"href":"https:\/\/diarioregionaldigital.com.br\/index.php?rest_route=\/wp\/v2\/users\/96"}],"replies":[{"embeddable":true,"href":"https:\/\/diarioregionaldigital.com.br\/index.php?rest_route=%2Fwp%2Fv2%2Fcomments&post=91368"}],"version-history":[{"count":0,"href":"https:\/\/diarioregionaldigital.com.br\/index.php?rest_route=\/wp\/v2\/posts\/91368\/revisions"}],"wp:featuredmedia":[{"embeddable":true,"href":"https:\/\/diarioregionaldigital.com.br\/index.php?rest_route=\/wp\/v2\/media\/91367"}],"wp:attachment":[{"href":"https:\/\/diarioregionaldigital.com.br\/index.php?rest_route=%2Fwp%2Fv2%2Fmedia&parent=91368"}],"wp:term":[{"taxonomy":"category","embeddable":true,"href":"https:\/\/diarioregionaldigital.com.br\/index.php?rest_route=%2Fwp%2Fv2%2Fcategories&post=91368"},{"taxonomy":"post_tag","embeddable":true,"href":"https:\/\/diarioregionaldigital.com.br\/index.php?rest_route=%2Fwp%2Fv2%2Ftags&post=91368"}],"curies":[{"name":"wp","href":"https:\/\/api.w.org\/{rel}","templated":true}]}}