{"id":91366,"date":"2018-02-06T22:08:25","date_gmt":"2018-02-07T00:08:25","guid":{"rendered":"http:\/\/diarioregionaljf.com.br\/2018\/02\/06\/pm-recupera-carga-roubada-avaliada-em-r-180-mil-em-sao-joaquim-de-bicas\/"},"modified":"2018-02-06T22:08:25","modified_gmt":"2018-02-07T00:08:25","slug":"pm-recupera-carga-roubada-avaliada-em-r-180-mil-em-sao-joaquim-de-bicas","status":"publish","type":"post","link":"https:\/\/diarioregionaldigital.com.br\/?p=91366","title":{"rendered":"PM recupera carga roubada avaliada em R$180 mil em S\u00e3o Joaquim de Bicas"},"content":{"rendered":"<p>Uma carga roubada, avaliada em R$180 mil, foi recuperada pela Pol\u00edcia Militar (PM), no in\u00edcio da madrugada desta ter\u00e7a-feira, 6, escondida em uma mata do bairro Nazar\u00e9, em S\u00e3o Joaquim de Bicas, regi\u00e3o metropolitana de Belo Horizonte.<\/p>\n<p>Policias militares do 2\u00ba Batalh\u00e3o de Policiamento Especializado da cidade receberam uma den\u00fancia de que a carga, que foi roubada na madrugada da \u00faltima sexta-feira, 2, estaria escondida em uma mata.<\/p>\n<p>Os policiais se deslocaram para o endere\u00e7o, onde fizeram dilig\u00eancias durante toda a segunda-feira, 5. Ainda de acordo com a den\u00fancia, o motorista do caminh\u00e3o teria sido mantido ref\u00e9m dentro de um ve\u00edculo Fiat Fiorino. O denunciante disse, ainda, ter visto homens correndo para o interior de uma mata nos fundos da casa citada, na rua Vinte e Oito.<\/p>\n<p>Os PMs entraram na mata, em um local de dif\u00edcil acesso, e encontraram diversos produtos eletr\u00f4nicos e eletrodom\u00e9sticos escondidos debaixo de lonas pretas, como aparelhos de TV, geladeiras, v\u00e1rios aparelhos de ar-condiocionado, DVDs e m\u00f3veis, al\u00e9m de utens\u00edlios dom\u00e9sticos, tudo espalhado pelo terreno.<\/p>\n<p>Os PMs foram \u00e0 resid\u00eancia e encontraram as janelas abertas. Dentro havia mais um aparelho de ar-condicionado roubado e uma submetralhadora de fabrica\u00e7\u00e3o caseira.<\/p>\n<p>Nesse momento, tr\u00eas homens chegaram no im\u00f3vel em uma Fiorino e fugiram quando perceberam a presen\u00e7a dos PMs, que tinham deixado a viatura parada em local distante.<\/p>\n<p>Os homens fugiram a p\u00e9 para o interior da Mata e os militares fizeram um cerco e bloqueio, prendendo um rapaz de 18 anos e dois menores de 15 e 17 anos. Os tr\u00eas s\u00e3o irm\u00e3os.<\/p>\n<p>Com o maior, foi apreendida uma arma falsa e, dentro da caminhonete foi encontrada uma pistola .40 municiada. A PM apurou ainda que duas pessoas tiveram os celulares roubados mais cedo em S\u00e3o Joaquim de Bicas e os produtos foram encontrados com os irm\u00e3os. Os dois foram reconhecidos pelas v\u00edtimas.<\/p>\n<p>O adulto preso e os menores apreendidos foram levados para a Delegacia de Plant\u00e3o de Betim e a carga foi retirada da Mata.<\/p>\n<p>&nbsp;<\/p>\n<p>Fonte: Assessoria<\/p>\n","protected":false},"excerpt":{"rendered":"<p>Uma carga roubada, avaliada em R$180 mil, foi recuperada pela Pol\u00edcia Militar (PM), no in\u00edcio da madrugada desta ter\u00e7a-feira, 6, escondida em uma mata do bairro Nazar\u00e9, em S\u00e3o Joaquim de Bicas, regi\u00e3o metropolitana de Belo Horizonte. Policias militares do 2\u00ba Batalh\u00e3o de Policiamento Especializado da cidade receberam uma den\u00fancia de que a carga, que [&hellip;]<\/p>\n","protected":false},"author":96,"featured_media":91365,"comment_status":"closed","ping_status":"closed","sticky":false,"template":"","format":"standard","meta":{"footnotes":""},"categories":[252],"tags":[],"class_list":["post-91366","post","type-post","status-publish","format-standard","has-post-thumbnail","hentry","category-regiao"],"_links":{"self":[{"href":"https:\/\/diarioregionaldigital.com.br\/index.php?rest_route=\/wp\/v2\/posts\/91366","targetHints":{"allow":["GET"]}}],"collection":[{"href":"https:\/\/diarioregionaldigital.com.br\/index.php?rest_route=\/wp\/v2\/posts"}],"about":[{"href":"https:\/\/diarioregionaldigital.com.br\/index.php?rest_route=\/wp\/v2\/types\/post"}],"author":[{"embeddable":true,"href":"https:\/\/diarioregionaldigital.com.br\/index.php?rest_route=\/wp\/v2\/users\/96"}],"replies":[{"embeddable":true,"href":"https:\/\/diarioregionaldigital.com.br\/index.php?rest_route=%2Fwp%2Fv2%2Fcomments&post=91366"}],"version-history":[{"count":0,"href":"https:\/\/diarioregionaldigital.com.br\/index.php?rest_route=\/wp\/v2\/posts\/91366\/revisions"}],"wp:featuredmedia":[{"embeddable":true,"href":"https:\/\/diarioregionaldigital.com.br\/index.php?rest_route=\/wp\/v2\/media\/91365"}],"wp:attachment":[{"href":"https:\/\/diarioregionaldigital.com.br\/index.php?rest_route=%2Fwp%2Fv2%2Fmedia&parent=91366"}],"wp:term":[{"taxonomy":"category","embeddable":true,"href":"https:\/\/diarioregionaldigital.com.br\/index.php?rest_route=%2Fwp%2Fv2%2Fcategories&post=91366"},{"taxonomy":"post_tag","embeddable":true,"href":"https:\/\/diarioregionaldigital.com.br\/index.php?rest_route=%2Fwp%2Fv2%2Ftags&post=91366"}],"curies":[{"name":"wp","href":"https:\/\/api.w.org\/{rel}","templated":true}]}}