{"id":91360,"date":"2018-02-06T21:55:17","date_gmt":"2018-02-06T23:55:17","guid":{"rendered":"http:\/\/diarioregionaljf.com.br\/2018\/02\/06\/santana-do-deserto2-07-02-18\/"},"modified":"2018-08-13T20:36:00","modified_gmt":"2018-08-13T23:36:00","slug":"santana-do-deserto2-07-02-18","status":"publish","type":"post","link":"https:\/\/diarioregionaldigital.com.br\/?p=91360","title":{"rendered":"Santana do Deserto2 07\/02\/18"},"content":{"rendered":"<p style=\"text-align: center;\"><span class=\"h4\">PREFEITURA MUNICIPAL DE SANTANA DO DESERTO<\/span><br \/>RETIFICA\u00c7\u00c3O &#8211; Licita\u00e7\u00e3o n\u00b0 006\/2018 &#8211; PP n\u00b0 002\/2018 &#8211; O Munic\u00edpio de Santana do Deserto, na forma da lei, faz saber que os itens 3 (passa a ser 14.720km), 4 (passa a ser 5.520km) e 5 (passa a ser 10.640km) do edital sofrem essas altera\u00e7\u00f5es, a data de abertura da sess\u00e3o permanece \u00e0s 09:00h do dia 08\/02\/2018, na Prefeitura, na sala de licita\u00e7\u00e3o, localizada \u00e0 P\u00e7a. Mauro Roquete Pinto, Santana do Deserto.<\/p>\n","protected":false},"excerpt":{"rendered":"<p>PREFEITURA MUNICIPAL DE SANTANA DO DESERTORETIFICA\u00c7\u00c3O &#8211; Licita\u00e7\u00e3o n\u00b0 006\/2018 &#8211; PP n\u00b0 002\/2018 &#8211; O Munic\u00edpio de Santana do Deserto, na forma da lei, faz saber que os itens 3 (passa a ser 14.720km), 4 (passa a ser 5.520km) e 5 (passa a ser 10.640km) do edital sofrem essas altera\u00e7\u00f5es, a data de abertura [&hellip;]<\/p>\n","protected":false},"author":96,"featured_media":0,"comment_status":"closed","ping_status":"closed","sticky":false,"template":"","format":"standard","meta":{"footnotes":""},"categories":[307],"tags":[],"class_list":["post-91360","post","type-post","status-publish","format-standard","hentry","category-editais"],"_links":{"self":[{"href":"https:\/\/diarioregionaldigital.com.br\/index.php?rest_route=\/wp\/v2\/posts\/91360","targetHints":{"allow":["GET"]}}],"collection":[{"href":"https:\/\/diarioregionaldigital.com.br\/index.php?rest_route=\/wp\/v2\/posts"}],"about":[{"href":"https:\/\/diarioregionaldigital.com.br\/index.php?rest_route=\/wp\/v2\/types\/post"}],"author":[{"embeddable":true,"href":"https:\/\/diarioregionaldigital.com.br\/index.php?rest_route=\/wp\/v2\/users\/96"}],"replies":[{"embeddable":true,"href":"https:\/\/diarioregionaldigital.com.br\/index.php?rest_route=%2Fwp%2Fv2%2Fcomments&post=91360"}],"version-history":[{"count":0,"href":"https:\/\/diarioregionaldigital.com.br\/index.php?rest_route=\/wp\/v2\/posts\/91360\/revisions"}],"wp:attachment":[{"href":"https:\/\/diarioregionaldigital.com.br\/index.php?rest_route=%2Fwp%2Fv2%2Fmedia&parent=91360"}],"wp:term":[{"taxonomy":"category","embeddable":true,"href":"https:\/\/diarioregionaldigital.com.br\/index.php?rest_route=%2Fwp%2Fv2%2Fcategories&post=91360"},{"taxonomy":"post_tag","embeddable":true,"href":"https:\/\/diarioregionaldigital.com.br\/index.php?rest_route=%2Fwp%2Fv2%2Ftags&post=91360"}],"curies":[{"name":"wp","href":"https:\/\/api.w.org\/{rel}","templated":true}]}}