{"id":91359,"date":"2018-02-06T21:54:15","date_gmt":"2018-02-06T23:54:15","guid":{"rendered":"http:\/\/diarioregionaljf.com.br\/2018\/02\/06\/santana-do-deserto-07-02-18\/"},"modified":"2018-08-13T20:36:00","modified_gmt":"2018-08-13T23:36:00","slug":"santana-do-deserto-07-02-18","status":"publish","type":"post","link":"https:\/\/diarioregionaldigital.com.br\/?p=91359","title":{"rendered":"Santana do Deserto 07\/02\/18"},"content":{"rendered":"<p style=\"text-align: center;\"><span class=\"h4\">PREFEITURA MUNICIPAL DE SANTANA DO DESERTO<\/span><br \/>Licita\u00e7\u00e3o n\u00b0 021\/2018 &#8211; PP n\u00b0 006\/2018 PARA REGISTRO DE PRE\u00c7OS &#8211; O Munic\u00edpio de Santana do Deserto, na forma da lei, faz saber que \u00e0s 09:00h do dia 22 de fevereiro de 2018, na Prefeitura, na sala de licita\u00e7\u00e3o, localizada \u00e0 P\u00e7a. Mauro Roquete Pinto, Santana do Deserto, ser\u00e1 realizada licita\u00e7\u00e3o para registro de pre\u00e7os para futura e eventual aquisi\u00e7\u00e3o de g\u00eaneros aliment\u00edcios, materiais de limpeza e descart\u00e1veis para atendimento as escolas, creches e eventos da rede municipal de ensino. Tipo Menor Pre\u00e7o Por Item conforme consta no edital que se encontra a disposi\u00e7\u00e3o de todos na Prefeitura, ou em: licitacao@santanadodeserto.mg.gov.br<\/p>\n","protected":false},"excerpt":{"rendered":"<p>PREFEITURA MUNICIPAL DE SANTANA DO DESERTOLicita\u00e7\u00e3o n\u00b0 021\/2018 &#8211; PP n\u00b0 006\/2018 PARA REGISTRO DE PRE\u00c7OS &#8211; O Munic\u00edpio de Santana do Deserto, na forma da lei, faz saber que \u00e0s 09:00h do dia 22 de fevereiro de 2018, na Prefeitura, na sala de licita\u00e7\u00e3o, localizada \u00e0 P\u00e7a. Mauro Roquete Pinto, Santana do Deserto, ser\u00e1 [&hellip;]<\/p>\n","protected":false},"author":96,"featured_media":0,"comment_status":"closed","ping_status":"closed","sticky":false,"template":"","format":"standard","meta":{"footnotes":""},"categories":[307],"tags":[],"class_list":["post-91359","post","type-post","status-publish","format-standard","hentry","category-editais"],"_links":{"self":[{"href":"https:\/\/diarioregionaldigital.com.br\/index.php?rest_route=\/wp\/v2\/posts\/91359","targetHints":{"allow":["GET"]}}],"collection":[{"href":"https:\/\/diarioregionaldigital.com.br\/index.php?rest_route=\/wp\/v2\/posts"}],"about":[{"href":"https:\/\/diarioregionaldigital.com.br\/index.php?rest_route=\/wp\/v2\/types\/post"}],"author":[{"embeddable":true,"href":"https:\/\/diarioregionaldigital.com.br\/index.php?rest_route=\/wp\/v2\/users\/96"}],"replies":[{"embeddable":true,"href":"https:\/\/diarioregionaldigital.com.br\/index.php?rest_route=%2Fwp%2Fv2%2Fcomments&post=91359"}],"version-history":[{"count":0,"href":"https:\/\/diarioregionaldigital.com.br\/index.php?rest_route=\/wp\/v2\/posts\/91359\/revisions"}],"wp:attachment":[{"href":"https:\/\/diarioregionaldigital.com.br\/index.php?rest_route=%2Fwp%2Fv2%2Fmedia&parent=91359"}],"wp:term":[{"taxonomy":"category","embeddable":true,"href":"https:\/\/diarioregionaldigital.com.br\/index.php?rest_route=%2Fwp%2Fv2%2Fcategories&post=91359"},{"taxonomy":"post_tag","embeddable":true,"href":"https:\/\/diarioregionaldigital.com.br\/index.php?rest_route=%2Fwp%2Fv2%2Ftags&post=91359"}],"curies":[{"name":"wp","href":"https:\/\/api.w.org\/{rel}","templated":true}]}}