{"id":91356,"date":"2018-02-06T21:50:42","date_gmt":"2018-02-06T23:50:42","guid":{"rendered":"http:\/\/diarioregionaljf.com.br\/2018\/02\/06\/pirauba-07-02-18\/"},"modified":"2018-08-13T20:35:19","modified_gmt":"2018-08-13T23:35:19","slug":"pirauba-07-02-18","status":"publish","type":"post","link":"https:\/\/diarioregionaldigital.com.br\/?p=91356","title":{"rendered":"Pirauba 07\/02\/18"},"content":{"rendered":"<p>PREFEITURA MUNICIPAL DE PIRA\u00daBA. Inexigibilidade n.\u00ba 002\/2018 \u2013 PRC n.\u00ba 013\/2018, Publica\u00e7\u00e3o de Errata: Objeto: Contrata\u00e7\u00e3o da empresa detentora de exclusividade da agenda de shows do artista: Rhuan Cond\u00e9, para apresenta\u00e7\u00e3o de show art\u00edstico musical no dia 08\/02\/2018, durante a comemora\u00e7\u00e3o do Carnaval do CRAS \u2013 Centro de Refer\u00eancia e Assist\u00eancia Social do Munic\u00edpio de Pira\u00faba \u2013 MG. Empresa Contratada: RHUAN COELHO COND\u00c9, CNPJ n.\u00ba 22.431.520\/0001-91. Assinatura: 02\/02\/2018. Vig\u00eancia: 02\/02\/2018 a 01\/03\/2018. Execu\u00e7\u00e3o 08\/02\/2018. No extrato de contrato inclua \u2013 se: valor total do contrato 7.800,00 (sete mil e oitocentos reais). Pira\u00faba\/MG, 06 de fevereiro de 2018. Quezia Helena de Souza Neiva &#8211; Presidente da Comiss\u00e3o Permanente de Licita\u00e7\u00e3o.<\/p>\n<p>PREFEITURA MUNICIPAL DE PIRA\u00daBA. Inexigibilidade n.\u00ba 002\/2018 \u2013 PRC n.\u00ba 013\/2018, Publica\u00e7\u00e3o de Errata: Objeto: contrata\u00e7\u00e3o da empresa RHUAN COELHO COND\u00c9 08131310655, CNPJ n.\u00ba 22.431.520\/0001-91, para apresenta\u00e7\u00e3o de show art\u00edstico musical durante o evento de comemora\u00e7\u00e3o do Carnaval do CRAS \u2013 Centro de Refer\u00eancia e Assist\u00eancia Social do Munic\u00edpio de Pira\u00faba \u2013 MG, a referida apresenta\u00e7\u00e3o se dar\u00e1 no dia 08 de fevereiro de 2018 no valor total de R$ 7.500,00 (sete mil e quinhentos reais). No extrato de Ratifica\u00e7\u00e3o onde se l\u00ea: &#8230;no valor total de 7.500,00 (sete mil e quinhentos reais), leia-se: &#8230;no valor total de R$ 7.800,00 (sete mil e oitocentos reais). Pira\u00faba\/MG, 06 de fevereiro de 2018. Quezia Helena de Souza Neiva &#8211; Presidente da Comiss\u00e3o Permanente de Licita\u00e7\u00e3o.<\/p>\n","protected":false},"excerpt":{"rendered":"<p>PREFEITURA MUNICIPAL DE PIRA\u00daBA. Inexigibilidade n.\u00ba 002\/2018 \u2013 PRC n.\u00ba 013\/2018, Publica\u00e7\u00e3o de Errata: Objeto: Contrata\u00e7\u00e3o da empresa detentora de exclusividade da agenda de shows do artista: Rhuan Cond\u00e9, para apresenta\u00e7\u00e3o de show art\u00edstico musical no dia 08\/02\/2018, durante a comemora\u00e7\u00e3o do Carnaval do CRAS \u2013 Centro de Refer\u00eancia e Assist\u00eancia Social do Munic\u00edpio de [&hellip;]<\/p>\n","protected":false},"author":96,"featured_media":0,"comment_status":"closed","ping_status":"closed","sticky":false,"template":"","format":"standard","meta":{"footnotes":""},"categories":[307],"tags":[],"class_list":["post-91356","post","type-post","status-publish","format-standard","hentry","category-editais"],"_links":{"self":[{"href":"https:\/\/diarioregionaldigital.com.br\/index.php?rest_route=\/wp\/v2\/posts\/91356","targetHints":{"allow":["GET"]}}],"collection":[{"href":"https:\/\/diarioregionaldigital.com.br\/index.php?rest_route=\/wp\/v2\/posts"}],"about":[{"href":"https:\/\/diarioregionaldigital.com.br\/index.php?rest_route=\/wp\/v2\/types\/post"}],"author":[{"embeddable":true,"href":"https:\/\/diarioregionaldigital.com.br\/index.php?rest_route=\/wp\/v2\/users\/96"}],"replies":[{"embeddable":true,"href":"https:\/\/diarioregionaldigital.com.br\/index.php?rest_route=%2Fwp%2Fv2%2Fcomments&post=91356"}],"version-history":[{"count":0,"href":"https:\/\/diarioregionaldigital.com.br\/index.php?rest_route=\/wp\/v2\/posts\/91356\/revisions"}],"wp:attachment":[{"href":"https:\/\/diarioregionaldigital.com.br\/index.php?rest_route=%2Fwp%2Fv2%2Fmedia&parent=91356"}],"wp:term":[{"taxonomy":"category","embeddable":true,"href":"https:\/\/diarioregionaldigital.com.br\/index.php?rest_route=%2Fwp%2Fv2%2Fcategories&post=91356"},{"taxonomy":"post_tag","embeddable":true,"href":"https:\/\/diarioregionaldigital.com.br\/index.php?rest_route=%2Fwp%2Fv2%2Ftags&post=91356"}],"curies":[{"name":"wp","href":"https:\/\/api.w.org\/{rel}","templated":true}]}}