{"id":91355,"date":"2018-02-06T21:49:43","date_gmt":"2018-02-06T23:49:43","guid":{"rendered":"http:\/\/diarioregionaljf.com.br\/2018\/02\/06\/cartorio-benfica-07-02-18\/"},"modified":"2018-08-13T20:35:19","modified_gmt":"2018-08-13T23:35:19","slug":"cartorio-benfica-07-02-18","status":"publish","type":"post","link":"https:\/\/diarioregionaldigital.com.br\/?p=91355","title":{"rendered":"Cart\u00f3rio Benfica 07-02-18"},"content":{"rendered":"<p class=\"h4\" style=\"text-align: justify;\">REP\u00daBLICA FEDERATIVA DO BRASIL ESTADO DE MINAS GERAIS<\/p>\n<p class=\"h4\" style=\"text-align: justify;\">Cart\u00f3rio de Registro Civil 3\u00ba Subdistrito &#8211; Juiz de Fora MG<br \/>Oficial Titular: Mariana Sad Albuquerque e Castro<\/p>\n<p class=\"h4\" style=\"text-align: justify;\">Rua Tom\u00e9 de Souza, 49 &#8211; Lj 03 Benfica<br \/>36090270 &#8211; Juiz de Fora &#8211; MG<\/p>\n<p style=\"text-align: justify;\">Faz saber que pretendem casar-se:<\/p>\n<p style=\"text-align: justify;\">01 &#8211; LEANDRO RIBEIRO GON\u00c7ALVES MOTTA, resid\u00eancia Rua Waldir Martins de Oliveira, n\u00ba.75, S\u00e3o Judas Tadeu, Juiz de Fora-MG e MARIA GAMA DE AVELAR, resid\u00eancia Rua Pedro Miranda Couto, n\u00ba. 247, N. Sra. da Penha, Matias Barbosa-MG.<\/p>\n<p style=\"text-align: justify;\">Os contraentes apresentaram os documentos exigidos pelo art.1525 do C\u00f3digo Civil Brasileiro. Se algu\u00e9m souber de algum impedimento, que os impe\u00e7am de se casar, que o fa\u00e7a na forma da Lei:<\/p>\n<p style=\"text-align: justify;\">Juiz de Fora , 06\/02\/2018<\/p>\n<p style=\"text-align: justify;\">MARIANA SAD ALBUQUERQUE E CASTRO<br \/>Oficial do Registro Civil<br \/>Cartosoft &#8211; Automa\u00e7\u00e3o de Cart\u00f3rios do Registro Civil www.cartosoft.com.br<\/p>\n","protected":false},"excerpt":{"rendered":"<p>REP\u00daBLICA FEDERATIVA DO BRASIL ESTADO DE MINAS GERAIS Cart\u00f3rio de Registro Civil 3\u00ba Subdistrito &#8211; Juiz de Fora MGOficial Titular: Mariana Sad Albuquerque e Castro Rua Tom\u00e9 de Souza, 49 &#8211; Lj 03 Benfica36090270 &#8211; Juiz de Fora &#8211; MG Faz saber que pretendem casar-se: 01 &#8211; LEANDRO RIBEIRO GON\u00c7ALVES MOTTA, resid\u00eancia Rua Waldir Martins [&hellip;]<\/p>\n","protected":false},"author":96,"featured_media":0,"comment_status":"closed","ping_status":"closed","sticky":false,"template":"","format":"standard","meta":{"footnotes":""},"categories":[307],"tags":[],"class_list":["post-91355","post","type-post","status-publish","format-standard","hentry","category-editais"],"_links":{"self":[{"href":"https:\/\/diarioregionaldigital.com.br\/index.php?rest_route=\/wp\/v2\/posts\/91355","targetHints":{"allow":["GET"]}}],"collection":[{"href":"https:\/\/diarioregionaldigital.com.br\/index.php?rest_route=\/wp\/v2\/posts"}],"about":[{"href":"https:\/\/diarioregionaldigital.com.br\/index.php?rest_route=\/wp\/v2\/types\/post"}],"author":[{"embeddable":true,"href":"https:\/\/diarioregionaldigital.com.br\/index.php?rest_route=\/wp\/v2\/users\/96"}],"replies":[{"embeddable":true,"href":"https:\/\/diarioregionaldigital.com.br\/index.php?rest_route=%2Fwp%2Fv2%2Fcomments&post=91355"}],"version-history":[{"count":0,"href":"https:\/\/diarioregionaldigital.com.br\/index.php?rest_route=\/wp\/v2\/posts\/91355\/revisions"}],"wp:attachment":[{"href":"https:\/\/diarioregionaldigital.com.br\/index.php?rest_route=%2Fwp%2Fv2%2Fmedia&parent=91355"}],"wp:term":[{"taxonomy":"category","embeddable":true,"href":"https:\/\/diarioregionaldigital.com.br\/index.php?rest_route=%2Fwp%2Fv2%2Fcategories&post=91355"},{"taxonomy":"post_tag","embeddable":true,"href":"https:\/\/diarioregionaldigital.com.br\/index.php?rest_route=%2Fwp%2Fv2%2Ftags&post=91355"}],"curies":[{"name":"wp","href":"https:\/\/api.w.org\/{rel}","templated":true}]}}