{"id":91343,"date":"2018-02-06T21:15:42","date_gmt":"2018-02-06T23:15:42","guid":{"rendered":"http:\/\/diarioregionaljf.com.br\/2018\/02\/06\/sesc-abre-inscricoes-para-cursos-em-jf\/"},"modified":"2018-02-06T21:15:42","modified_gmt":"2018-02-06T23:15:42","slug":"sesc-abre-inscricoes-para-cursos-em-jf","status":"publish","type":"post","link":"https:\/\/diarioregionaldigital.com.br\/?p=91343","title":{"rendered":"Sesc abre inscri\u00e7\u00f5es para cursos em JF"},"content":{"rendered":"<p>Est\u00e3o abertas as inscri\u00e7\u00f5es para os Cursos Sesc, nas \u00e1reas de cultura, educa\u00e7\u00e3o e esportes. H\u00e1 atividades dispon\u00edveis para crian\u00e7as, jovens e adultos, e os interessados podem se inscrever at\u00e9 15 de fevereiro. O per\u00edodo, a carga hor\u00e1ria e as faixas et\u00e1rias variam conforme o curso e podem ser consultados no site cursos.sescmg.com.br.<\/p>\n<p>\u201cTemos cursos de desenho, pintura, fotografia, audiovisual, dan\u00e7a, viol\u00e3o, teclado, canto, musicaliza\u00e7\u00e3o, violino, futsal, nata\u00e7\u00e3o, voleibol e ingl\u00eas\u201d, revela a supervisora de Servi\u00e7os Sociais da unidade em Juiz de Fora, Priscila Franco.<\/p>\n<p>As vagas gratuitas s\u00e3o direcionadas a candidatos com perfil do Programa de Comprometimento e Gratuidade (PCG) do Sesc. S\u00e3o pessoas com renda familiar mensal bruta de at\u00e9 tr\u00eas sal\u00e1rios m\u00ednimos, preferencialmente trabalhadores do com\u00e9rcio de bens, servi\u00e7os e turismo, e seus dependentes. As vagas tamb\u00e9m est\u00e3o dispon\u00edveis para o p\u00fablico em geral, mas, em ambos os casos, \u00e9 necess\u00e1rio estar habilitado no Sesc, ou seja, possuir o cart\u00e3o do cliente.<\/p>\n<p>Segundo Priscila, \u00e9 a oportunidade para quem quer come\u00e7ar o ano adquirindo novos conhecimentos. \u201cS\u00e3o v\u00e1rias vagas, mas tamb\u00e9m temos bastante procura. O ideal \u00e9 que quem esteja interessado em aprender uma nova habilidade em 2018 procure o Sesc o mais r\u00e1pido poss\u00edvel\u201d, diz.<\/p>\n<p>Atrav\u00e9s de um an\u00fancio na TV, o estudante Elias Arruda conheceu os cursos do Sesc. Desde que come\u00e7ou a fazer ingl\u00eas na unidade, conta que novas portas se abriram para ele. \u201cOs professores s\u00e3o bem preparados, a estrutura \u00e9 muito boa e o material atende \u00e0s necessidades de aprendizado. As aulas acontecem duas vezes na semana, durante duas horas. Estou no n\u00edvel intermedi\u00e1rio e antes mesmo de chegar at\u00e9 aqui j\u00e1 utilizei tudo o que aprendi durante uma viagem que fiz. O ingl\u00eas, hoje em dia, se tornou uma necessidade, seja na escola, na internet ou no trabalho\u201d, relembra. \u201c\u00c9 muito legal participar. Vale \u00e0 pena experimentar. Se o aluno conseguir manter as exig\u00eancias e a frequ\u00eancia, consegue sair do curso com uma boa bagagem\u201d, diz.<\/p>\n","protected":false},"excerpt":{"rendered":"<p>Est\u00e3o abertas as inscri\u00e7\u00f5es para os Cursos Sesc, nas \u00e1reas de cultura, educa\u00e7\u00e3o e esportes. H\u00e1 atividades dispon\u00edveis para crian\u00e7as, jovens e adultos, e os interessados podem se inscrever at\u00e9 15 de fevereiro. O per\u00edodo, a carga hor\u00e1ria e as faixas et\u00e1rias variam conforme o curso e podem ser consultados no site cursos.sescmg.com.br. \u201cTemos cursos [&hellip;]<\/p>\n","protected":false},"author":96,"featured_media":0,"comment_status":"closed","ping_status":"closed","sticky":false,"template":"","format":"standard","meta":{"footnotes":""},"categories":[253],"tags":[],"class_list":["post-91343","post","type-post","status-publish","format-standard","hentry","category-cidade"],"_links":{"self":[{"href":"https:\/\/diarioregionaldigital.com.br\/index.php?rest_route=\/wp\/v2\/posts\/91343","targetHints":{"allow":["GET"]}}],"collection":[{"href":"https:\/\/diarioregionaldigital.com.br\/index.php?rest_route=\/wp\/v2\/posts"}],"about":[{"href":"https:\/\/diarioregionaldigital.com.br\/index.php?rest_route=\/wp\/v2\/types\/post"}],"author":[{"embeddable":true,"href":"https:\/\/diarioregionaldigital.com.br\/index.php?rest_route=\/wp\/v2\/users\/96"}],"replies":[{"embeddable":true,"href":"https:\/\/diarioregionaldigital.com.br\/index.php?rest_route=%2Fwp%2Fv2%2Fcomments&post=91343"}],"version-history":[{"count":0,"href":"https:\/\/diarioregionaldigital.com.br\/index.php?rest_route=\/wp\/v2\/posts\/91343\/revisions"}],"wp:attachment":[{"href":"https:\/\/diarioregionaldigital.com.br\/index.php?rest_route=%2Fwp%2Fv2%2Fmedia&parent=91343"}],"wp:term":[{"taxonomy":"category","embeddable":true,"href":"https:\/\/diarioregionaldigital.com.br\/index.php?rest_route=%2Fwp%2Fv2%2Fcategories&post=91343"},{"taxonomy":"post_tag","embeddable":true,"href":"https:\/\/diarioregionaldigital.com.br\/index.php?rest_route=%2Fwp%2Fv2%2Ftags&post=91343"}],"curies":[{"name":"wp","href":"https:\/\/api.w.org\/{rel}","templated":true}]}}