{"id":91336,"date":"2018-02-06T20:57:19","date_gmt":"2018-02-06T22:57:19","guid":{"rendered":"http:\/\/diarioregionaljf.com.br\/2018\/02\/06\/copom-inicia-reuniao-com-expectativa-de-reducao-da-taxa-basica-de-juros-2\/"},"modified":"2018-02-06T20:57:19","modified_gmt":"2018-02-06T22:57:19","slug":"copom-inicia-reuniao-com-expectativa-de-reducao-da-taxa-basica-de-juros-2","status":"publish","type":"post","link":"https:\/\/diarioregionaldigital.com.br\/?p=91336","title":{"rendered":"Copom inicia reuni\u00e3o com expectativa de redu\u00e7\u00e3o da taxa b\u00e1sica de juros"},"content":{"rendered":"<p>A primeira reuni\u00e3o do Comit\u00ea de Pol\u00edtica Monet\u00e1ria (Copom) do Banco Central (BC) come\u00e7ou nessa ter\u00e7a-feira, 6, com expectativa de nova redu\u00e7\u00e3o da taxa b\u00e1sica de juros, a Selic.<\/p>\n<p>Foi realizada a primeira parte da reuni\u00e3o e nesta quarta, 7, por volta das 18h20, ser\u00e1 divulgada decis\u00e3o da diretoria do BC. No menor n\u00edvel da hist\u00f3ria desde dezembro, a taxa b\u00e1sica de juros, a Selic, dever\u00e1 ser reduzida de 7% para 6,75% ao ano, segundo a expectativa de institui\u00e7\u00f5es financeiras. Se a expectativa se confirmar, ser\u00e1 o 11\u00ba corte seguido na taxa b\u00e1sica.<\/p>\n<p>De outubro de 2012 a abril de 2013, a taxa foi mantida em 7,25% ao ano, at\u00e9 ent\u00e3o o menor n\u00edvel da hist\u00f3ria, e passou a ser reajustada gradualmente at\u00e9 alcan\u00e7ar 14,25% ao ano em julho de 2015, patamar mantido nos meses seguintes. Somente em outubro de 2016, o Copom voltou a reduzir os juros b\u00e1sicos da economia.<\/p>\n<p>A expectativa do mercado financeiro \u00e9 de que a infla\u00e7\u00e3o, medida pelo \u00cdndice Nacional de Pre\u00e7os ao Consumidor Amplo (IPCA), termine este ano em 3,94%, abaixo do centro da meta, de 4,5%. Para 2019, a previs\u00e3o \u00e9 de que a infla\u00e7\u00e3o fique um pouco maior, mas ainda abaixo do centro da meta, em 4,25%.<\/p>\n<p>A taxa b\u00e1sica de juros \u00e9 usada nas negocia\u00e7\u00f5es de t\u00edtulos p\u00fablicos no Sistema Especial de Liquida\u00e7\u00e3o e Cust\u00f3dia (Selic) e serve de refer\u00eancia para as demais taxas de juros da economia.<\/p>\n<p>Ao reajustar a Selic para cima, o Banco Central segura o excesso de demanda que pressiona os pre\u00e7os, porque juros mais altos encarecem o cr\u00e9dito e estimulam a poupan\u00e7a. Ao reduzir os juros b\u00e1sicos, a tend\u00eancia do Copom \u00e9 baratear o cr\u00e9dito e incentivar a produ\u00e7\u00e3o e o consumo, mas enfraquece o controle da infla\u00e7\u00e3o.<\/p>\n<hr \/>\n<p>&nbsp;Fonte: Ag\u00eancia Brasil<\/p>\n","protected":false},"excerpt":{"rendered":"<p>A primeira reuni\u00e3o do Comit\u00ea de Pol\u00edtica Monet\u00e1ria (Copom) do Banco Central (BC) come\u00e7ou nessa ter\u00e7a-feira, 6, com expectativa de nova redu\u00e7\u00e3o da taxa b\u00e1sica de juros, a Selic. Foi realizada a primeira parte da reuni\u00e3o e nesta quarta, 7, por volta das 18h20, ser\u00e1 divulgada decis\u00e3o da diretoria do BC. No menor n\u00edvel da [&hellip;]<\/p>\n","protected":false},"author":96,"featured_media":91335,"comment_status":"closed","ping_status":"closed","sticky":false,"template":"","format":"standard","meta":{"footnotes":""},"categories":[261],"tags":[],"class_list":["post-91336","post","type-post","status-publish","format-standard","has-post-thumbnail","hentry","category-economia"],"_links":{"self":[{"href":"https:\/\/diarioregionaldigital.com.br\/index.php?rest_route=\/wp\/v2\/posts\/91336","targetHints":{"allow":["GET"]}}],"collection":[{"href":"https:\/\/diarioregionaldigital.com.br\/index.php?rest_route=\/wp\/v2\/posts"}],"about":[{"href":"https:\/\/diarioregionaldigital.com.br\/index.php?rest_route=\/wp\/v2\/types\/post"}],"author":[{"embeddable":true,"href":"https:\/\/diarioregionaldigital.com.br\/index.php?rest_route=\/wp\/v2\/users\/96"}],"replies":[{"embeddable":true,"href":"https:\/\/diarioregionaldigital.com.br\/index.php?rest_route=%2Fwp%2Fv2%2Fcomments&post=91336"}],"version-history":[{"count":0,"href":"https:\/\/diarioregionaldigital.com.br\/index.php?rest_route=\/wp\/v2\/posts\/91336\/revisions"}],"wp:featuredmedia":[{"embeddable":true,"href":"https:\/\/diarioregionaldigital.com.br\/index.php?rest_route=\/wp\/v2\/media\/91335"}],"wp:attachment":[{"href":"https:\/\/diarioregionaldigital.com.br\/index.php?rest_route=%2Fwp%2Fv2%2Fmedia&parent=91336"}],"wp:term":[{"taxonomy":"category","embeddable":true,"href":"https:\/\/diarioregionaldigital.com.br\/index.php?rest_route=%2Fwp%2Fv2%2Fcategories&post=91336"},{"taxonomy":"post_tag","embeddable":true,"href":"https:\/\/diarioregionaldigital.com.br\/index.php?rest_route=%2Fwp%2Fv2%2Ftags&post=91336"}],"curies":[{"name":"wp","href":"https:\/\/api.w.org\/{rel}","templated":true}]}}