{"id":91332,"date":"2018-02-06T20:30:38","date_gmt":"2018-02-06T22:30:38","guid":{"rendered":"http:\/\/diarioregionaljf.com.br\/2018\/02\/06\/mais-de-700-pessoas-morreram-em-juiz-de-fora-no-ano-passado-vitimas-de-cancer\/"},"modified":"2018-02-06T20:30:38","modified_gmt":"2018-02-06T22:30:38","slug":"mais-de-700-pessoas-morreram-em-juiz-de-fora-no-ano-passado-vitimas-de-cancer","status":"publish","type":"post","link":"https:\/\/diarioregionaldigital.com.br\/?p=91332","title":{"rendered":"Mais de 700 pessoas morreram em Juiz de Fora no ano passado, v\u00edtimas de c\u00e2ncer"},"content":{"rendered":"<p>Setecentas e sessenta e duas pessoas morreram de c\u00e2ncer em Juiz de Fora no ano de 2017. O levantamento realizado pela Secretaria de Sa\u00fade (SS) mostra que os homens morreram mais que as mulheres: s\u00e3o 398 \u00f3bitos de indiv\u00edduos do sexo masculino e 364 de pessoas do sexo feminino. Os c\u00e2nceres de pulm\u00e3o (56), pr\u00f3stata (54) e estomago (31) lideram o ranking dos que mais mataram os homens, enquanto o de mama (58), pulm\u00e3o (44) e est\u00f4mago (20) s\u00e3o os respons\u00e1veis pelo maior n\u00famero de mulheres mortas.<\/p>\n<p>Especialistas explicam que, para ambos os sexos, o cen\u00e1rio no munic\u00edpio \u00e9 preocupante e que a maioria dos casos est\u00e1 relacionada ao diagn\u00f3stico tardio da doen\u00e7a. \u201cQuando o paciente vai procurar o m\u00e9dico, o tumor j\u00e1 est\u00e1 em est\u00e1gio avan\u00e7ado e a cura \u00e9 mais dif\u00edcil. Se o diagn\u00f3stico fosse feito precocemente n\u00e3o ter\u00edamos tantos \u00f3bitos no ano\u201d, diz a mastologista L\u00edvia Maria Toledo.<\/p>\n<p>C\u00c2NCER DE MAMA \u00c9 O QUE MAIS MATA MULHERES<\/p>\n<p>De acordo com a Organiza\u00e7\u00e3o Mundial da Sa\u00fade (OMS), o c\u00e2ncer de mama \u00e9 o tipo mais comum entre as mulheres e tamb\u00e9m o mais letal, sendo a segunda principal causa de morte na Am\u00e9rica Latina. Entre todos os tipos de c\u00e2ncer, o de mama \u00e9 o que mais mata mulheres na faixa dos 20 aos 59 anos. A Sociedade Brasileira de Mastologia (SBM) aponta que o Brasil registra 58 mil casos da doen\u00e7a por ano e a maioria \u00e9 detectada com les\u00f5es muito grandes.<\/p>\n<p>Em virtude da triste estat\u00edstica, L\u00edvia alerta para a necessidade do diagn\u00f3stico precoce. \u201cA mamografia aliada ao exame cl\u00ednico e ao autoexame \u00e9 muito importante, pois \u00e9 atrav\u00e9s desse processo que a mulher passa a conhecer a pr\u00f3pria mama\u201d, explica a m\u00e9dica, acrescentando que somente os exames conseguem mostrar se existe ou n\u00e3o um tumor.<\/p>\n<p>\u201cInicialmente, a mulher n\u00e3o percebe nada. Ela vai at\u00e9 o mastologista, no qual \u00e9 solicitada a mamografia, que, muitas vezes, identifica les\u00f5es milim\u00e9tricas. Nos casos avan\u00e7ados, a mulher pode perceber um n\u00f3dulo na mama, uma pele com aspecto de casca de laranja, o mamilo pode se inverter e pode haver ulcera\u00e7\u00e3o na mama. S\u00e3o os casos mais graves, respons\u00e1veis pelas mortes\u201d, afirma.<\/p>\n<p>L\u00edvia refor\u00e7a que a SBM preconiza a realiza\u00e7\u00e3o da mamografia anualmente a partir dos 40. \u201cSe o c\u00e2ncer for diagnosticado de forma mais r\u00e1pida, as chances de cura s\u00e3o maiores. Hoje, o tratamento do c\u00e2ncer de mama \u00e9 individualizado. Ele \u00e9 cir\u00fargico e pode ou n\u00e3o ser seguido de quimioterapia, radioterapia, terapia hormonal. Todo o processo vai depender do tipo do tumor\u201d, ressalta.<\/p>\n<p>CIGARRO \u00c9 RESPONS\u00c1VEL POR 90% DOS CASOS DE C\u00c2NCER NO PULM\u00c3O<\/p>\n<p>Cerca de 90% dos casos de c\u00e2ncer no pulm\u00e3o ocorre em fun\u00e7\u00e3o do consumo de derivados do tabaco, como o cigarro. De acordo com o Instituto Nacional do C\u00e2ncer (INCA), a doen\u00e7a \u00e9 a que mais mata entre os homens. Assim como as mulheres, a busca pela identifica\u00e7\u00e3o tardia da doen\u00e7a \u00e9 o que tem levado cada vez mais homens a morrer. \u201cO c\u00e2ncer no pulm\u00e3o \u00e9 silencioso. Muitas das vezes o paciente est\u00e1 com c\u00e2ncer, mas n\u00e3o temos o diagnostico dele em m\u00e3os\u201d, revela o pneumologista Oswaldo Afonso da Silva Filho.<\/p>\n<p>Segundo o especialista, a doen\u00e7a pode se manifestar em alguns sintomas. \u201cPerda de peso, emagrecimento, tosse, que geralmente \u00e9 seca, mas pode ter escarros sanguinolentos. Dores no t\u00f3rax, e \u00e0s vezes um pouco de falta de ar\u201d, ressalta.<\/p>\n<p>Qualquer uma das manifesta\u00e7\u00f5es desses sintomas deve servir como um alerta para a procura de orienta\u00e7\u00e3o m\u00e9dica. Al\u00e9m do diagn\u00f3stico precoce, outras iniciativas ajudam a prevenir o c\u00e2ncer. \u201cA primeira coisa \u00e9 controlar o uso cr\u00f4nico do cigarro. Boa alimenta\u00e7\u00e3o, pr\u00e1tica de atividades f\u00edsicas, diminui\u00e7\u00e3o do estresse, optando por levar uma vida mais saud\u00e1vel, tamb\u00e9m faz parte da preven\u00e7\u00e3o\u201d, alerta Filho.<\/p>\n","protected":false},"excerpt":{"rendered":"<p>Setecentas e sessenta e duas pessoas morreram de c\u00e2ncer em Juiz de Fora no ano de 2017. O levantamento realizado pela Secretaria de Sa\u00fade (SS) mostra que os homens morreram mais que as mulheres: s\u00e3o 398 \u00f3bitos de indiv\u00edduos do sexo masculino e 364 de pessoas do sexo feminino. Os c\u00e2nceres de pulm\u00e3o (56), pr\u00f3stata [&hellip;]<\/p>\n","protected":false},"author":96,"featured_media":0,"comment_status":"closed","ping_status":"closed","sticky":false,"template":"","format":"standard","meta":{"footnotes":""},"categories":[253],"tags":[],"class_list":["post-91332","post","type-post","status-publish","format-standard","hentry","category-cidade"],"_links":{"self":[{"href":"https:\/\/diarioregionaldigital.com.br\/index.php?rest_route=\/wp\/v2\/posts\/91332","targetHints":{"allow":["GET"]}}],"collection":[{"href":"https:\/\/diarioregionaldigital.com.br\/index.php?rest_route=\/wp\/v2\/posts"}],"about":[{"href":"https:\/\/diarioregionaldigital.com.br\/index.php?rest_route=\/wp\/v2\/types\/post"}],"author":[{"embeddable":true,"href":"https:\/\/diarioregionaldigital.com.br\/index.php?rest_route=\/wp\/v2\/users\/96"}],"replies":[{"embeddable":true,"href":"https:\/\/diarioregionaldigital.com.br\/index.php?rest_route=%2Fwp%2Fv2%2Fcomments&post=91332"}],"version-history":[{"count":0,"href":"https:\/\/diarioregionaldigital.com.br\/index.php?rest_route=\/wp\/v2\/posts\/91332\/revisions"}],"wp:attachment":[{"href":"https:\/\/diarioregionaldigital.com.br\/index.php?rest_route=%2Fwp%2Fv2%2Fmedia&parent=91332"}],"wp:term":[{"taxonomy":"category","embeddable":true,"href":"https:\/\/diarioregionaldigital.com.br\/index.php?rest_route=%2Fwp%2Fv2%2Fcategories&post=91332"},{"taxonomy":"post_tag","embeddable":true,"href":"https:\/\/diarioregionaldigital.com.br\/index.php?rest_route=%2Fwp%2Fv2%2Ftags&post=91332"}],"curies":[{"name":"wp","href":"https:\/\/api.w.org\/{rel}","templated":true}]}}