{"id":91327,"date":"2018-02-06T19:07:16","date_gmt":"2018-02-06T21:07:16","guid":{"rendered":"http:\/\/diarioregionaljf.com.br\/2018\/02\/06\/proposta-dispensa-via-judicial-para-inventario-quando-houver-testamento-registrado\/"},"modified":"2018-02-06T19:07:16","modified_gmt":"2018-02-06T21:07:16","slug":"proposta-dispensa-via-judicial-para-inventario-quando-houver-testamento-registrado","status":"publish","type":"post","link":"https:\/\/diarioregionaldigital.com.br\/?p=91327","title":{"rendered":"Proposta dispensa via judicial para invent\u00e1rio quando houver testamento registrado"},"content":{"rendered":"<p>A C\u00e2mara analisa projeto que dispensa a via judicial para realiza\u00e7\u00e3o de invent\u00e1rio, partilha ou concess\u00e3o de bens quando houver testamento registrado judicialmente (PL 8655\/17). A proposta do deputado Ronaldo Fonseca (Pros-DF) permite a dispensa caso todos os benefici\u00e1rios forem capazes e concordes.<\/p>\n<p>Atualmente, o C\u00f3digo de Processo Civil (Lei 13.105\/15) determina que, havendo testamento ou interessado incapaz, deve se iniciar o processo de invent\u00e1rio judicial.<\/p>\n<p>Para Fonseca, \u00e9 um equ\u00edvoco n\u00e3o permitir a via extrajudicial quando n\u00e3o h\u00e1 incapazes e claramente n\u00e3o h\u00e1 conflito de interesses. Segundo o deputado, a altera\u00e7\u00e3o na legisla\u00e7\u00e3o \u00e9 uma medida de desburocratiza\u00e7\u00e3o e descongestionamento do Judici\u00e1rio.<\/p>\n<p>\u201cO fato de um testamento ser registrado judicialmente lhe garante, por conseguinte, a idoneidade da declara\u00e7\u00e3o de vontade do testador, e, neste caso, impor que jurisdicionados se socorram da via judicial, pelo simples fato deste existir, parece desproporcional frente \u00e0s in\u00fameras demandas que diuturnamente s\u00e3o levadas ao Judici\u00e1rio, que realmente s\u00e3o contenciosas e consequentemente faz-se necess\u00e1ria a interven\u00e7\u00e3o desse poder\u201d, diz o parlamentar.<\/p>\n<h4>&nbsp;<\/h4>\n<h4>TRAMITA\u00c7\u00c3O<\/h4>\n<p>O projeto tramita conclusivamente e ser\u00e1 analisado, inclusive quanto ao m\u00e9rito, pela Comiss\u00e3o de Constitui\u00e7\u00e3o e Justi\u00e7a e de Cidadania.<\/p>\n<p>Fonte: Ag\u00eancia C\u00e2mara Not\u00edcias<\/p>\n","protected":false},"excerpt":{"rendered":"<p>A C\u00e2mara analisa projeto que dispensa a via judicial para realiza\u00e7\u00e3o de invent\u00e1rio, partilha ou concess\u00e3o de bens quando houver testamento registrado judicialmente (PL 8655\/17). A proposta do deputado Ronaldo Fonseca (Pros-DF) permite a dispensa caso todos os benefici\u00e1rios forem capazes e concordes. Atualmente, o C\u00f3digo de Processo Civil (Lei 13.105\/15) determina que, havendo testamento [&hellip;]<\/p>\n","protected":false},"author":96,"featured_media":91326,"comment_status":"closed","ping_status":"closed","sticky":false,"template":"","format":"standard","meta":{"footnotes":""},"categories":[254],"tags":[],"class_list":["post-91327","post","type-post","status-publish","format-standard","has-post-thumbnail","hentry","category-politica"],"_links":{"self":[{"href":"https:\/\/diarioregionaldigital.com.br\/index.php?rest_route=\/wp\/v2\/posts\/91327","targetHints":{"allow":["GET"]}}],"collection":[{"href":"https:\/\/diarioregionaldigital.com.br\/index.php?rest_route=\/wp\/v2\/posts"}],"about":[{"href":"https:\/\/diarioregionaldigital.com.br\/index.php?rest_route=\/wp\/v2\/types\/post"}],"author":[{"embeddable":true,"href":"https:\/\/diarioregionaldigital.com.br\/index.php?rest_route=\/wp\/v2\/users\/96"}],"replies":[{"embeddable":true,"href":"https:\/\/diarioregionaldigital.com.br\/index.php?rest_route=%2Fwp%2Fv2%2Fcomments&post=91327"}],"version-history":[{"count":0,"href":"https:\/\/diarioregionaldigital.com.br\/index.php?rest_route=\/wp\/v2\/posts\/91327\/revisions"}],"wp:featuredmedia":[{"embeddable":true,"href":"https:\/\/diarioregionaldigital.com.br\/index.php?rest_route=\/wp\/v2\/media\/91326"}],"wp:attachment":[{"href":"https:\/\/diarioregionaldigital.com.br\/index.php?rest_route=%2Fwp%2Fv2%2Fmedia&parent=91327"}],"wp:term":[{"taxonomy":"category","embeddable":true,"href":"https:\/\/diarioregionaldigital.com.br\/index.php?rest_route=%2Fwp%2Fv2%2Fcategories&post=91327"},{"taxonomy":"post_tag","embeddable":true,"href":"https:\/\/diarioregionaldigital.com.br\/index.php?rest_route=%2Fwp%2Fv2%2Ftags&post=91327"}],"curies":[{"name":"wp","href":"https:\/\/api.w.org\/{rel}","templated":true}]}}