{"id":91323,"date":"2018-02-06T19:01:49","date_gmt":"2018-02-06T21:01:49","guid":{"rendered":"http:\/\/diarioregionaljf.com.br\/2018\/02\/06\/projeto-preve-perda-de-cargo-para-policial-que-ingira-alcool-portando-arma\/"},"modified":"2018-02-06T19:01:49","modified_gmt":"2018-02-06T21:01:49","slug":"projeto-preve-perda-de-cargo-para-policial-que-ingira-alcool-portando-arma","status":"publish","type":"post","link":"https:\/\/diarioregionaldigital.com.br\/?p=91323","title":{"rendered":"Projeto prev\u00ea perda de cargo para policial que ingira \u00e1lcool portando arma"},"content":{"rendered":"<p>Tramita na C\u00e2mara dos Deputados o Projeto de Lei 9224\/17, que prev\u00ea perda de cargo para os integrantes das For\u00e7as Armadas, das pol\u00edcias e das guardas municipais que, portando armamento oficial, forem pegos ingerindo bebida alco\u00f3lica ou estiverem sob efeito de entorpecentes em servi\u00e7o ou fora dele.<\/p>\n<p>Pela proposta, os agentes p\u00fablicos tamb\u00e9m ter\u00e3o a arma apreendida. As medidas valer\u00e3o tamb\u00e9m para o uso de medicamentos que provoquem altera\u00e7\u00e3o do desempenho intelectual ou motor.<\/p>\n<p>Elas abranger\u00e3o tamb\u00e9m os outros agentes p\u00fablicos para quem o porte de arma \u00e9 permitido: os da For\u00e7a Nacional de Seguran\u00e7a P\u00fablica; da Ag\u00eancia Brasileira de Intelig\u00eancia e do Departamento de Seguran\u00e7a do Gabinete de Seguran\u00e7a Institucional da Presid\u00eancia da Rep\u00fablica.<\/p>\n<p>Apresentado pelo deputado Alfredo Nascimento (PR-AM), o projeto acrescenta dispositivo no Estatuto do Desarmamento (Lei 10.826\/03).<\/p>\n<p>Segundo o deputado, \u00e9 comum agentes p\u00fablicos envolvidos com excesso de \u00e1lcool ou drogas e uso do porte de arma. \u201cUma das motiva\u00e7\u00f5es ao apresentar tal proposta ocorreu ap\u00f3s uma trag\u00e9dia em Manaus, no Amazonas, onde um advogado foi morto e outras tr\u00eas pessoas ficaram feridas ap\u00f3s um delegado efetuar disparos dentro de uma casa noturna\u201d, disse. \u201cEle foi preso em flagrante pelos crimes de homic\u00eddio doloso e les\u00e3o corporal\u201d, completou.<\/p>\n<h4>&nbsp;<\/h4>\n<h4>TRAMITA\u00c7\u00c3O<\/h4>\n<p>A proposta ser\u00e1 analisada, em car\u00e1ter conclusivo, pelas comiss\u00f5es de Trabalho, de Administra\u00e7\u00e3o e Servi\u00e7o P\u00fablico; de Seguran\u00e7a P\u00fablica e Combate ao Crime Organizado; e de Constitui\u00e7\u00e3o e Justi\u00e7a e de Cidadania.<\/p>\n<p>Fonte: Ag\u00eancia C\u00e2mara Not\u00edcias<\/p>\n","protected":false},"excerpt":{"rendered":"<p>Tramita na C\u00e2mara dos Deputados o Projeto de Lei 9224\/17, que prev\u00ea perda de cargo para os integrantes das For\u00e7as Armadas, das pol\u00edcias e das guardas municipais que, portando armamento oficial, forem pegos ingerindo bebida alco\u00f3lica ou estiverem sob efeito de entorpecentes em servi\u00e7o ou fora dele. Pela proposta, os agentes p\u00fablicos tamb\u00e9m ter\u00e3o a [&hellip;]<\/p>\n","protected":false},"author":96,"featured_media":91322,"comment_status":"closed","ping_status":"closed","sticky":false,"template":"","format":"standard","meta":{"footnotes":""},"categories":[254],"tags":[],"class_list":["post-91323","post","type-post","status-publish","format-standard","has-post-thumbnail","hentry","category-politica"],"_links":{"self":[{"href":"https:\/\/diarioregionaldigital.com.br\/index.php?rest_route=\/wp\/v2\/posts\/91323","targetHints":{"allow":["GET"]}}],"collection":[{"href":"https:\/\/diarioregionaldigital.com.br\/index.php?rest_route=\/wp\/v2\/posts"}],"about":[{"href":"https:\/\/diarioregionaldigital.com.br\/index.php?rest_route=\/wp\/v2\/types\/post"}],"author":[{"embeddable":true,"href":"https:\/\/diarioregionaldigital.com.br\/index.php?rest_route=\/wp\/v2\/users\/96"}],"replies":[{"embeddable":true,"href":"https:\/\/diarioregionaldigital.com.br\/index.php?rest_route=%2Fwp%2Fv2%2Fcomments&post=91323"}],"version-history":[{"count":0,"href":"https:\/\/diarioregionaldigital.com.br\/index.php?rest_route=\/wp\/v2\/posts\/91323\/revisions"}],"wp:featuredmedia":[{"embeddable":true,"href":"https:\/\/diarioregionaldigital.com.br\/index.php?rest_route=\/wp\/v2\/media\/91322"}],"wp:attachment":[{"href":"https:\/\/diarioregionaldigital.com.br\/index.php?rest_route=%2Fwp%2Fv2%2Fmedia&parent=91323"}],"wp:term":[{"taxonomy":"category","embeddable":true,"href":"https:\/\/diarioregionaldigital.com.br\/index.php?rest_route=%2Fwp%2Fv2%2Fcategories&post=91323"},{"taxonomy":"post_tag","embeddable":true,"href":"https:\/\/diarioregionaldigital.com.br\/index.php?rest_route=%2Fwp%2Fv2%2Ftags&post=91323"}],"curies":[{"name":"wp","href":"https:\/\/api.w.org\/{rel}","templated":true}]}}