{"id":91321,"date":"2018-02-06T18:54:50","date_gmt":"2018-02-06T20:54:50","guid":{"rendered":"http:\/\/diarioregionaljf.com.br\/2018\/02\/06\/fernando-collor-anuncia-candidatura-a-presidencia-da-republica\/"},"modified":"2018-02-06T18:54:50","modified_gmt":"2018-02-06T20:54:50","slug":"fernando-collor-anuncia-candidatura-a-presidencia-da-republica","status":"publish","type":"post","link":"https:\/\/diarioregionaldigital.com.br\/?p=91321","title":{"rendered":"Fernando Collor anuncia candidatura \u00e0 Presid\u00eancia da Rep\u00fablica"},"content":{"rendered":"<p>Em pronunciamento nessa ter\u00e7a-feira, 6, o senador Fernando Collor (PTC-AL) anunciou sua pr\u00e9-candidatura \u00e0 Presid\u00eancia da Rep\u00fablica. Collor disse que ter convic\u00e7\u00e3o sobre qual o melhor rumo para o Brasil, da mesma forma tinha quando foi presidente em 1989.<\/p>\n<p>Ao mencionar o per\u00edodo em que esteve \u00e0 frente do Planalto, Collor defendeu medidas &#8220;progressistas e liberais&#8221;, capazes de promover as mudan\u00e7as demandadas pela popula\u00e7\u00e3o. Para ele, a intera\u00e7\u00e3o entre os setores p\u00fablico e privado \u00e9 um &#8220;mandamento do Estado Moderno&#8221;.<\/p>\n<p>O senador afirma que sua candidatura preencher\u00e1 o v\u00e1cuo pol\u00edtico atual, no &#8220;centro democr\u00e1tico&#8221;, \u201cpor sua coragem, conhecimento, serenidade e disposi\u00e7\u00e3o\u201d.<\/p>\n<p>\u201c\u00c9 essa maturidade adquirida em quase 40 anos de vida p\u00fablica, aliada a todas as agruras e obst\u00e1culos por que passei, que me fizeram compreender que na pol\u00edtica, em qualquer n\u00edvel de entendimento, a menor dist\u00e2ncia entre dois pontos \u00e9 aquela que oferece menor resist\u00eancia\u201d, finalizou o parlamentar.<\/p>\n<p>Fonte: Ag\u00eancia Senado<\/p>\n","protected":false},"excerpt":{"rendered":"<p>Em pronunciamento nessa ter\u00e7a-feira, 6, o senador Fernando Collor (PTC-AL) anunciou sua pr\u00e9-candidatura \u00e0 Presid\u00eancia da Rep\u00fablica. Collor disse que ter convic\u00e7\u00e3o sobre qual o melhor rumo para o Brasil, da mesma forma tinha quando foi presidente em 1989. Ao mencionar o per\u00edodo em que esteve \u00e0 frente do Planalto, Collor defendeu medidas &#8220;progressistas e [&hellip;]<\/p>\n","protected":false},"author":96,"featured_media":91320,"comment_status":"closed","ping_status":"closed","sticky":false,"template":"","format":"standard","meta":{"footnotes":""},"categories":[254],"tags":[],"class_list":["post-91321","post","type-post","status-publish","format-standard","has-post-thumbnail","hentry","category-politica"],"_links":{"self":[{"href":"https:\/\/diarioregionaldigital.com.br\/index.php?rest_route=\/wp\/v2\/posts\/91321","targetHints":{"allow":["GET"]}}],"collection":[{"href":"https:\/\/diarioregionaldigital.com.br\/index.php?rest_route=\/wp\/v2\/posts"}],"about":[{"href":"https:\/\/diarioregionaldigital.com.br\/index.php?rest_route=\/wp\/v2\/types\/post"}],"author":[{"embeddable":true,"href":"https:\/\/diarioregionaldigital.com.br\/index.php?rest_route=\/wp\/v2\/users\/96"}],"replies":[{"embeddable":true,"href":"https:\/\/diarioregionaldigital.com.br\/index.php?rest_route=%2Fwp%2Fv2%2Fcomments&post=91321"}],"version-history":[{"count":0,"href":"https:\/\/diarioregionaldigital.com.br\/index.php?rest_route=\/wp\/v2\/posts\/91321\/revisions"}],"wp:featuredmedia":[{"embeddable":true,"href":"https:\/\/diarioregionaldigital.com.br\/index.php?rest_route=\/wp\/v2\/media\/91320"}],"wp:attachment":[{"href":"https:\/\/diarioregionaldigital.com.br\/index.php?rest_route=%2Fwp%2Fv2%2Fmedia&parent=91321"}],"wp:term":[{"taxonomy":"category","embeddable":true,"href":"https:\/\/diarioregionaldigital.com.br\/index.php?rest_route=%2Fwp%2Fv2%2Fcategories&post=91321"},{"taxonomy":"post_tag","embeddable":true,"href":"https:\/\/diarioregionaldigital.com.br\/index.php?rest_route=%2Fwp%2Fv2%2Ftags&post=91321"}],"curies":[{"name":"wp","href":"https:\/\/api.w.org\/{rel}","templated":true}]}}